




{"id":8711,"date":"2022-05-29T22:48:51","date_gmt":"2022-05-29T20:48:51","guid":{"rendered":"https:\/\/talk.nordea.se\/privatebanking\/?p=8711"},"modified":"2022-06-07T09:51:50","modified_gmt":"2022-06-07T07:51:50","slug":"ar-du-redo-for-en-elektrisk-weekend-i-oslo","status":"publish","type":"post","link":"https:\/\/talk.nordea.se\/privatebanking\/ar-du-redo-for-en-elektrisk-weekend-i-oslo\/","title":{"rendered":"\u00c4r du redo f\u00f6r en elektrisk weekend i Oslo?"},"content":{"rendered":"\n<p>Art deco-byggnaden p\u00e5 Frogner, Oslo, \u00e4r en liten nationalskatt. Huset ritades 1931 av v\u00e4lrenommerade Bjercke &amp; Eliassen, med dekorationer av bildkonstn\u00e4ren Per Krohg och skulpt\u00f6ren Asbj\u00f8rg Borgfeldt. H\u00e4r huserade en g\u00e5ng Oslo Lysverker som tog elektriciteten till Oslo.<\/p>\n\n\n\n<p>Nu har fastigheten byggts om, rustats upp och fyllts med restauranger, barer, lounger, scener, wellness och en spektakul\u00e4r takterrass. H\u00e4r kan du njuta av allt fr\u00e5n en drink och ett dopp i poolen, till en fantastisk middag p\u00e5 restaurang TAK, systerkrog till TAK Stockholm.&nbsp;<\/p>\n\n\n\n<figure class=\"wp-block-image size-large\"><img loading=\"lazy\" decoding=\"async\" width=\"1024\" height=\"682\" src=\"https:\/\/talk.nordea.se\/privatebanking\/wp-content\/uploads\/2022\/05\/sommerro21-1024x682.jpg\" alt=\"Sommerro, mat och dryck\" class=\"wp-image-8713\" srcset=\"https:\/\/talk.nordea.se\/privatebanking\/wp-content\/uploads\/2022\/05\/sommerro21-1024x682.jpg 1024w, https:\/\/talk.nordea.se\/privatebanking\/wp-content\/uploads\/2022\/05\/sommerro21-300x200.jpg 300w, https:\/\/talk.nordea.se\/privatebanking\/wp-content\/uploads\/2022\/05\/sommerro21-768x512.jpg 768w, https:\/\/talk.nordea.se\/privatebanking\/wp-content\/uploads\/2022\/05\/sommerro21-1536x1024.jpg 1536w, https:\/\/talk.nordea.se\/privatebanking\/wp-content\/uploads\/2022\/05\/sommerro21-2048x1365.jpg 2048w, https:\/\/talk.nordea.se\/privatebanking\/wp-content\/uploads\/2022\/05\/sommerro21-240x160.jpg 240w, https:\/\/talk.nordea.se\/privatebanking\/wp-content\/uploads\/2022\/05\/sommerro21-526x351.jpg 526w, https:\/\/talk.nordea.se\/privatebanking\/wp-content\/uploads\/2022\/05\/sommerro21-720x480.jpg 720w, https:\/\/talk.nordea.se\/privatebanking\/wp-content\/uploads\/2022\/05\/sommerro21-960x640.jpg 960w, https:\/\/talk.nordea.se\/privatebanking\/wp-content\/uploads\/2022\/05\/sommerro21-1140x760.jpg 1140w, https:\/\/talk.nordea.se\/privatebanking\/wp-content\/uploads\/2022\/05\/sommerro21-1600x1066.jpg 1600w, https:\/\/talk.nordea.se\/privatebanking\/wp-content\/uploads\/2022\/05\/sommerro21-1920x1280.jpg 1920w\" sizes=\"auto, (max-width: 1024px) 100vw, 1024px\" \/><\/figure>\n\n\n\n<p>Sommerro vill nu \u00e4n en g\u00e5ng ge energi till staden och kraft till g\u00e4sterna \u2013 alla som g\u00e4star Sommerro kommer att g\u00e5 ut genom d\u00f6rren med mer energi \u00e4n n\u00e4r de kom! Travel &amp; Leisure, Forbes och CNN har redan utsett det till ett av de mest sp\u00e4nnande hotellprojekten 2022.<\/p>\n\n\n\n<figure class=\"wp-block-image size-large\"><img loading=\"lazy\" decoding=\"async\" width=\"1024\" height=\"683\" src=\"https:\/\/talk.nordea.se\/privatebanking\/wp-content\/uploads\/2022\/05\/sommerro4-1024x683.jpg\" alt=\"Sommerro, utomhuspool\" class=\"wp-image-8715\" srcset=\"https:\/\/talk.nordea.se\/privatebanking\/wp-content\/uploads\/2022\/05\/sommerro4-1024x683.jpg 1024w, https:\/\/talk.nordea.se\/privatebanking\/wp-content\/uploads\/2022\/05\/sommerro4-300x200.jpg 300w, https:\/\/talk.nordea.se\/privatebanking\/wp-content\/uploads\/2022\/05\/sommerro4-768x512.jpg 768w, https:\/\/talk.nordea.se\/privatebanking\/wp-content\/uploads\/2022\/05\/sommerro4-1536x1024.jpg 1536w, https:\/\/talk.nordea.se\/privatebanking\/wp-content\/uploads\/2022\/05\/sommerro4-2048x1366.jpg 2048w, https:\/\/talk.nordea.se\/privatebanking\/wp-content\/uploads\/2022\/05\/sommerro4-240x160.jpg 240w, https:\/\/talk.nordea.se\/privatebanking\/wp-content\/uploads\/2022\/05\/sommerro4-526x351.jpg 526w, https:\/\/talk.nordea.se\/privatebanking\/wp-content\/uploads\/2022\/05\/sommerro4-720x480.jpg 720w, https:\/\/talk.nordea.se\/privatebanking\/wp-content\/uploads\/2022\/05\/sommerro4-960x640.jpg 960w, https:\/\/talk.nordea.se\/privatebanking\/wp-content\/uploads\/2022\/05\/sommerro4-1140x760.jpg 1140w, https:\/\/talk.nordea.se\/privatebanking\/wp-content\/uploads\/2022\/05\/sommerro4-1600x1067.jpg 1600w, https:\/\/talk.nordea.se\/privatebanking\/wp-content\/uploads\/2022\/05\/sommerro4-1920x1280.jpg 1920w\" sizes=\"auto, (max-width: 1024px) 100vw, 1024px\" \/><\/figure>\n\n\n\n<p><strong>F\u00f6r dig med Nordea Platinum eller Black finns ett specialkomponerat \u00f6ppningserbjudande. &nbsp;<br><\/strong>Detta ing\u00e5r:<br>\u2022 Tv\u00e5 n\u00e4tter i juniorsvit f\u00f6r tv\u00e5 personer (fredag\u2013s\u00f6ndag).<br>\u2022 5-r\u00e4tters middag med vinpaket p\u00e5 TAK Oslo p\u00e5 8:e v\u00e5ningen med spektakul\u00e4r utsikt \u00f6ver staden.<br>\u2022 Frukostbuff\u00e9 f\u00f6r tv\u00e5 personer i brasseriet Ekspedisjonshallen.<br>\u2022 Tillg\u00e5ng till hotellets 400 kvm stora fitnesscenter samt utomhuspool och bastu p\u00e5 takterrassen.<br>\u2022 Entr\u00e9 till Vestkantbadet (\u00f6ppnar i november 2022).<\/p>\n\n\n\n<p>Pris 12 900 NOK f\u00f6r tv\u00e5 personer.\u00a0<a href=\"https:\/\/www.sommerrohouse.com\/\" target=\"_blank\" rel=\"noreferrer noopener\">L\u00e4s mer och boka p\u00e5 sommerrohouse.com<\/a>. Anv\u00e4nd koden PROPBS vid best\u00e4llning.<\/p>\n\n\n\n<figure class=\"wp-block-image size-large\"><img loading=\"lazy\" decoding=\"async\" width=\"1024\" height=\"562\" src=\"https:\/\/talk.nordea.se\/privatebanking\/wp-content\/uploads\/2022\/05\/sommerro1-1024x562.jpg\" alt=\"Sommerro\" class=\"wp-image-8712\" srcset=\"https:\/\/talk.nordea.se\/privatebanking\/wp-content\/uploads\/2022\/05\/sommerro1-1024x562.jpg 1024w, https:\/\/talk.nordea.se\/privatebanking\/wp-content\/uploads\/2022\/05\/sommerro1-300x165.jpg 300w, https:\/\/talk.nordea.se\/privatebanking\/wp-content\/uploads\/2022\/05\/sommerro1-768x422.jpg 768w, https:\/\/talk.nordea.se\/privatebanking\/wp-content\/uploads\/2022\/05\/sommerro1-1536x843.jpg 1536w, https:\/\/talk.nordea.se\/privatebanking\/wp-content\/uploads\/2022\/05\/sommerro1-291x160.jpg 291w, https:\/\/talk.nordea.se\/privatebanking\/wp-content\/uploads\/2022\/05\/sommerro1-80x45.jpg 80w, https:\/\/talk.nordea.se\/privatebanking\/wp-content\/uploads\/2022\/05\/sommerro1-526x289.jpg 526w, https:\/\/talk.nordea.se\/privatebanking\/wp-content\/uploads\/2022\/05\/sommerro1-720x395.jpg 720w, https:\/\/talk.nordea.se\/privatebanking\/wp-content\/uploads\/2022\/05\/sommerro1-960x527.jpg 960w, https:\/\/talk.nordea.se\/privatebanking\/wp-content\/uploads\/2022\/05\/sommerro1-1140x626.jpg 1140w, https:\/\/talk.nordea.se\/privatebanking\/wp-content\/uploads\/2022\/05\/sommerro1-1600x878.jpg 1600w, https:\/\/talk.nordea.se\/privatebanking\/wp-content\/uploads\/2022\/05\/sommerro1-1920x1054.jpg 1920w, https:\/\/talk.nordea.se\/privatebanking\/wp-content\/uploads\/2022\/05\/sommerro1.jpg 2000w\" sizes=\"auto, (max-width: 1024px) 100vw, 1024px\" \/><\/figure>\n\n\n\n<p>Erbjudandet g\u00e4ller till och med 14 juli 2022 och avser bokningsperiod 1&nbsp;september till 31 december 2022.<\/p>\n\n\n\n<p><em>Villkor: Full f\u00f6rskottsbetalning, bokningen \u00e4r bindande. Erbjudandet \u00e4r personligt och g\u00e4ller f\u00f6r kortinnehavaren. Middagen p\u00e5 TAK Oslo g\u00e4ller f\u00f6r l\u00f6rdag kv\u00e4ll och i vinpaketet ing\u00e5r fem enheter.<\/em><\/p>\n\n\n\n<figure class=\"wp-block-image size-large\"><img loading=\"lazy\" decoding=\"async\" width=\"1024\" height=\"683\" src=\"https:\/\/talk.nordea.se\/privatebanking\/wp-content\/uploads\/2022\/05\/sommerro6-1024x683.jpg\" alt=\"Sommerro, mat\" class=\"wp-image-8716\" srcset=\"https:\/\/talk.nordea.se\/privatebanking\/wp-content\/uploads\/2022\/05\/sommerro6-1024x683.jpg 1024w, https:\/\/talk.nordea.se\/privatebanking\/wp-content\/uploads\/2022\/05\/sommerro6-300x200.jpg 300w, https:\/\/talk.nordea.se\/privatebanking\/wp-content\/uploads\/2022\/05\/sommerro6-768x512.jpg 768w, https:\/\/talk.nordea.se\/privatebanking\/wp-content\/uploads\/2022\/05\/sommerro6-1536x1024.jpg 1536w, https:\/\/talk.nordea.se\/privatebanking\/wp-content\/uploads\/2022\/05\/sommerro6-240x160.jpg 240w, https:\/\/talk.nordea.se\/privatebanking\/wp-content\/uploads\/2022\/05\/sommerro6-526x351.jpg 526w, https:\/\/talk.nordea.se\/privatebanking\/wp-content\/uploads\/2022\/05\/sommerro6-720x480.jpg 720w, https:\/\/talk.nordea.se\/privatebanking\/wp-content\/uploads\/2022\/05\/sommerro6-960x640.jpg 960w, https:\/\/talk.nordea.se\/privatebanking\/wp-content\/uploads\/2022\/05\/sommerro6-1140x760.jpg 1140w, https:\/\/talk.nordea.se\/privatebanking\/wp-content\/uploads\/2022\/05\/sommerro6-1600x1067.jpg 1600w, https:\/\/talk.nordea.se\/privatebanking\/wp-content\/uploads\/2022\/05\/sommerro6.jpg 1894w\" sizes=\"auto, (max-width: 1024px) 100vw, 1024px\" \/><\/figure>\n\n\n\n<p><a href=\"https:\/\/www.korterbjudande.se\/\" target=\"_blank\" rel=\"noreferrer noopener\">H\u00e4r kan du se fler<\/a>&nbsp;aktuella erbjudanden f\u00f6r dig som kund hos Nordea Private Banking. Har du ytterligare fr\u00e5gor \u00e4r du v\u00e4lkommen att ringa 08-12 18 04 00 (m\u00e5n-fre 08-21, l\u00f6r 09-17) eller mejla till <a href=\"mailto:kontakt@korterbjudande.se\" target=\"_blank\" rel=\"noreferrer noopener\">kontakt@korterbjudande.se<\/a>.<\/p>\n","protected":false},"excerpt":{"rendered":"<p>Den 1 september \u00f6ppnar \u00e4ntligen d\u00f6rrarna till Sommerro \u2013 ett av de mest sp\u00e4nnande hotellprojekten 2022!<\/p>\n","protected":false},"author":2,"featured_media":8714,"comment_status":"closed","ping_status":"closed","sticky":false,"template":"","format":"standard","meta":{"_acf_changed":false,"footnotes":""},"categories":[9],"tags":[28,55],"class_list":["post-8711","post","type-post","status-publish","format-standard","has-post-thumbnail","hentry","category-news-and-offers","tag-nordea","tag-nyheter-erbjudanden"],"acf":[],"yoast_head":"<!-- This site is optimized with the Yoast SEO plugin v27.4 - https:\/\/yoast.com\/product\/yoast-seo-wordpress\/ -->\n<title>\u00c4r du redo f\u00f6r en elektrisk weekend i Oslo? - Talk with Nordea Private Banking<\/title>\n<meta name=\"robots\" content=\"index, follow, max-snippet:-1, max-image-preview:large, max-video-preview:-1\" \/>\n<link rel=\"canonical\" href=\"https:\/\/talk.nordea.se\/privatebanking\/ar-du-redo-for-en-elektrisk-weekend-i-oslo\/\" \/>\n<meta property=\"og:locale\" content=\"sv_SE\" \/>\n<meta property=\"og:type\" content=\"article\" \/>\n<meta property=\"og:title\" content=\"\u00c4r du redo f\u00f6r en elektrisk weekend i Oslo? - Talk with Nordea Private Banking\" \/>\n<meta property=\"og:description\" content=\"Den 1 september \u00f6ppnar \u00e4ntligen d\u00f6rrarna till Sommerro \u2013 ett av de mest sp\u00e4nnande hotellprojekten 2022!\" \/>\n<meta property=\"og:url\" content=\"https:\/\/talk.nordea.se\/privatebanking\/ar-du-redo-for-en-elektrisk-weekend-i-oslo\/\" \/>\n<meta property=\"og:site_name\" content=\"Talk with Nordea Private Banking\" \/>\n<meta property=\"article:published_time\" content=\"2022-05-29T20:48:51+00:00\" \/>\n<meta property=\"article:modified_time\" content=\"2022-06-07T07:51:50+00:00\" \/>\n<meta property=\"og:image\" content=\"https:\/\/talk.nordea.se\/privatebanking\/wp-content\/uploads\/2022\/05\/sommerro3-start.jpg\" \/>\n\t<meta property=\"og:image:width\" content=\"1667\" \/>\n\t<meta property=\"og:image:height\" content=\"1667\" \/>\n\t<meta property=\"og:image:type\" content=\"image\/jpeg\" \/>\n<meta name=\"author\" content=\"kairistila\" \/>\n<meta name=\"twitter:card\" content=\"summary_large_image\" \/>\n<meta name=\"twitter:label1\" content=\"Skriven av\" \/>\n\t<meta name=\"twitter:data1\" content=\"kairistila\" \/>\n\t<meta name=\"twitter:label2\" content=\"Ber\u00e4knad l\u00e4stid\" \/>\n\t<meta name=\"twitter:data2\" content=\"3 minuter\" \/>\n<script type=\"application\/ld+json\" class=\"yoast-schema-graph\">{\"@context\":\"https:\\\/\\\/schema.org\",\"@graph\":[{\"@type\":\"Article\",\"@id\":\"https:\\\/\\\/talk.nordea.se\\\/privatebanking\\\/ar-du-redo-for-en-elektrisk-weekend-i-oslo\\\/#article\",\"isPartOf\":{\"@id\":\"https:\\\/\\\/talk.nordea.se\\\/privatebanking\\\/ar-du-redo-for-en-elektrisk-weekend-i-oslo\\\/\"},\"author\":{\"name\":\"kairistila\",\"@id\":\"https:\\\/\\\/talk.nordea.se\\\/privatebanking\\\/#\\\/schema\\\/person\\\/43e0be4ffef10b914d4ee31d1c384b60\"},\"headline\":\"\u00c4r du redo f\u00f6r en elektrisk weekend i Oslo?\",\"datePublished\":\"2022-05-29T20:48:51+00:00\",\"dateModified\":\"2022-06-07T07:51:50+00:00\",\"mainEntityOfPage\":{\"@id\":\"https:\\\/\\\/talk.nordea.se\\\/privatebanking\\\/ar-du-redo-for-en-elektrisk-weekend-i-oslo\\\/\"},\"wordCount\":340,\"image\":{\"@id\":\"https:\\\/\\\/talk.nordea.se\\\/privatebanking\\\/ar-du-redo-for-en-elektrisk-weekend-i-oslo\\\/#primaryimage\"},\"thumbnailUrl\":\"https:\\\/\\\/talk.nordea.se\\\/privatebanking\\\/wp-content\\\/uploads\\\/2022\\\/05\\\/sommerro3-start.jpg\",\"keywords\":[\"nordea\",\"Nyheter &amp; Erbjudanden\"],\"articleSection\":[\"Nyheter &amp; Erbjudanden\"],\"inLanguage\":\"sv-SE\"},{\"@type\":\"WebPage\",\"@id\":\"https:\\\/\\\/talk.nordea.se\\\/privatebanking\\\/ar-du-redo-for-en-elektrisk-weekend-i-oslo\\\/\",\"url\":\"https:\\\/\\\/talk.nordea.se\\\/privatebanking\\\/ar-du-redo-for-en-elektrisk-weekend-i-oslo\\\/\",\"name\":\"\u00c4r du redo f\u00f6r en elektrisk weekend i Oslo? - Talk with Nordea Private Banking\",\"isPartOf\":{\"@id\":\"https:\\\/\\\/talk.nordea.se\\\/privatebanking\\\/#website\"},\"primaryImageOfPage\":{\"@id\":\"https:\\\/\\\/talk.nordea.se\\\/privatebanking\\\/ar-du-redo-for-en-elektrisk-weekend-i-oslo\\\/#primaryimage\"},\"image\":{\"@id\":\"https:\\\/\\\/talk.nordea.se\\\/privatebanking\\\/ar-du-redo-for-en-elektrisk-weekend-i-oslo\\\/#primaryimage\"},\"thumbnailUrl\":\"https:\\\/\\\/talk.nordea.se\\\/privatebanking\\\/wp-content\\\/uploads\\\/2022\\\/05\\\/sommerro3-start.jpg\",\"datePublished\":\"2022-05-29T20:48:51+00:00\",\"dateModified\":\"2022-06-07T07:51:50+00:00\",\"author\":{\"@id\":\"https:\\\/\\\/talk.nordea.se\\\/privatebanking\\\/#\\\/schema\\\/person\\\/43e0be4ffef10b914d4ee31d1c384b60\"},\"breadcrumb\":{\"@id\":\"https:\\\/\\\/talk.nordea.se\\\/privatebanking\\\/ar-du-redo-for-en-elektrisk-weekend-i-oslo\\\/#breadcrumb\"},\"inLanguage\":\"sv-SE\",\"potentialAction\":[{\"@type\":\"ReadAction\",\"target\":[\"https:\\\/\\\/talk.nordea.se\\\/privatebanking\\\/ar-du-redo-for-en-elektrisk-weekend-i-oslo\\\/\"]}]},{\"@type\":\"ImageObject\",\"inLanguage\":\"sv-SE\",\"@id\":\"https:\\\/\\\/talk.nordea.se\\\/privatebanking\\\/ar-du-redo-for-en-elektrisk-weekend-i-oslo\\\/#primaryimage\",\"url\":\"https:\\\/\\\/talk.nordea.se\\\/privatebanking\\\/wp-content\\\/uploads\\\/2022\\\/05\\\/sommerro3-start.jpg\",\"contentUrl\":\"https:\\\/\\\/talk.nordea.se\\\/privatebanking\\\/wp-content\\\/uploads\\\/2022\\\/05\\\/sommerro3-start.jpg\",\"width\":1667,\"height\":1667,\"caption\":\"Sommerro, s\u00e4ng, rum\"},{\"@type\":\"BreadcrumbList\",\"@id\":\"https:\\\/\\\/talk.nordea.se\\\/privatebanking\\\/ar-du-redo-for-en-elektrisk-weekend-i-oslo\\\/#breadcrumb\",\"itemListElement\":[{\"@type\":\"ListItem\",\"position\":1,\"name\":\"Home\",\"item\":\"https:\\\/\\\/talk.nordea.se\\\/privatebanking\\\/\"},{\"@type\":\"ListItem\",\"position\":2,\"name\":\"\u00c4r du redo f\u00f6r en elektrisk weekend i Oslo?\"}]},{\"@type\":\"WebSite\",\"@id\":\"https:\\\/\\\/talk.nordea.se\\\/privatebanking\\\/#website\",\"url\":\"https:\\\/\\\/talk.nordea.se\\\/privatebanking\\\/\",\"name\":\"Talk with Nordea Private Banking\",\"description\":\"\",\"potentialAction\":[{\"@type\":\"SearchAction\",\"target\":{\"@type\":\"EntryPoint\",\"urlTemplate\":\"https:\\\/\\\/talk.nordea.se\\\/privatebanking\\\/?s={search_term_string}\"},\"query-input\":{\"@type\":\"PropertyValueSpecification\",\"valueRequired\":true,\"valueName\":\"search_term_string\"}}],\"inLanguage\":\"sv-SE\"},{\"@type\":\"Person\",\"@id\":\"https:\\\/\\\/talk.nordea.se\\\/privatebanking\\\/#\\\/schema\\\/person\\\/43e0be4ffef10b914d4ee31d1c384b60\",\"name\":\"kairistila\",\"image\":{\"@type\":\"ImageObject\",\"inLanguage\":\"sv-SE\",\"@id\":\"https:\\\/\\\/secure.gravatar.com\\\/avatar\\\/682d8aa364d89eb8cf10e1b8eceb8da43ac690bb420244e825e55e75b444beea?s=96&d=mm&r=g\",\"url\":\"https:\\\/\\\/secure.gravatar.com\\\/avatar\\\/682d8aa364d89eb8cf10e1b8eceb8da43ac690bb420244e825e55e75b444beea?s=96&d=mm&r=g\",\"contentUrl\":\"https:\\\/\\\/secure.gravatar.com\\\/avatar\\\/682d8aa364d89eb8cf10e1b8eceb8da43ac690bb420244e825e55e75b444beea?s=96&d=mm&r=g\",\"caption\":\"kairistila\"},\"url\":\"https:\\\/\\\/talk.nordea.se\\\/privatebanking\\\/author\\\/kairistila\\\/\"}]}<\/script>\n<!-- \/ Yoast SEO plugin. -->","yoast_head_json":{"title":"\u00c4r du redo f\u00f6r en elektrisk weekend i Oslo? - Talk with Nordea Private Banking","robots":{"index":"index","follow":"follow","max-snippet":"max-snippet:-1","max-image-preview":"max-image-preview:large","max-video-preview":"max-video-preview:-1"},"canonical":"https:\/\/talk.nordea.se\/privatebanking\/ar-du-redo-for-en-elektrisk-weekend-i-oslo\/","og_locale":"sv_SE","og_type":"article","og_title":"\u00c4r du redo f\u00f6r en elektrisk weekend i Oslo? - Talk with Nordea Private Banking","og_description":"Den 1 september \u00f6ppnar \u00e4ntligen d\u00f6rrarna till Sommerro \u2013 ett av de mest sp\u00e4nnande hotellprojekten 2022!","og_url":"https:\/\/talk.nordea.se\/privatebanking\/ar-du-redo-for-en-elektrisk-weekend-i-oslo\/","og_site_name":"Talk with Nordea Private Banking","article_published_time":"2022-05-29T20:48:51+00:00","article_modified_time":"2022-06-07T07:51:50+00:00","og_image":[{"width":1667,"height":1667,"url":"https:\/\/talk.nordea.se\/privatebanking\/wp-content\/uploads\/2022\/05\/sommerro3-start.jpg","type":"image\/jpeg"}],"author":"kairistila","twitter_card":"summary_large_image","twitter_misc":{"Skriven av":"kairistila","Ber\u00e4knad l\u00e4stid":"3 minuter"},"schema":{"@context":"https:\/\/schema.org","@graph":[{"@type":"Article","@id":"https:\/\/talk.nordea.se\/privatebanking\/ar-du-redo-for-en-elektrisk-weekend-i-oslo\/#article","isPartOf":{"@id":"https:\/\/talk.nordea.se\/privatebanking\/ar-du-redo-for-en-elektrisk-weekend-i-oslo\/"},"author":{"name":"kairistila","@id":"https:\/\/talk.nordea.se\/privatebanking\/#\/schema\/person\/43e0be4ffef10b914d4ee31d1c384b60"},"headline":"\u00c4r du redo f\u00f6r en elektrisk weekend i Oslo?","datePublished":"2022-05-29T20:48:51+00:00","dateModified":"2022-06-07T07:51:50+00:00","mainEntityOfPage":{"@id":"https:\/\/talk.nordea.se\/privatebanking\/ar-du-redo-for-en-elektrisk-weekend-i-oslo\/"},"wordCount":340,"image":{"@id":"https:\/\/talk.nordea.se\/privatebanking\/ar-du-redo-for-en-elektrisk-weekend-i-oslo\/#primaryimage"},"thumbnailUrl":"https:\/\/talk.nordea.se\/privatebanking\/wp-content\/uploads\/2022\/05\/sommerro3-start.jpg","keywords":["nordea","Nyheter &amp; Erbjudanden"],"articleSection":["Nyheter &amp; Erbjudanden"],"inLanguage":"sv-SE"},{"@type":"WebPage","@id":"https:\/\/talk.nordea.se\/privatebanking\/ar-du-redo-for-en-elektrisk-weekend-i-oslo\/","url":"https:\/\/talk.nordea.se\/privatebanking\/ar-du-redo-for-en-elektrisk-weekend-i-oslo\/","name":"\u00c4r du redo f\u00f6r en elektrisk weekend i Oslo? - Talk with Nordea Private Banking","isPartOf":{"@id":"https:\/\/talk.nordea.se\/privatebanking\/#website"},"primaryImageOfPage":{"@id":"https:\/\/talk.nordea.se\/privatebanking\/ar-du-redo-for-en-elektrisk-weekend-i-oslo\/#primaryimage"},"image":{"@id":"https:\/\/talk.nordea.se\/privatebanking\/ar-du-redo-for-en-elektrisk-weekend-i-oslo\/#primaryimage"},"thumbnailUrl":"https:\/\/talk.nordea.se\/privatebanking\/wp-content\/uploads\/2022\/05\/sommerro3-start.jpg","datePublished":"2022-05-29T20:48:51+00:00","dateModified":"2022-06-07T07:51:50+00:00","author":{"@id":"https:\/\/talk.nordea.se\/privatebanking\/#\/schema\/person\/43e0be4ffef10b914d4ee31d1c384b60"},"breadcrumb":{"@id":"https:\/\/talk.nordea.se\/privatebanking\/ar-du-redo-for-en-elektrisk-weekend-i-oslo\/#breadcrumb"},"inLanguage":"sv-SE","potentialAction":[{"@type":"ReadAction","target":["https:\/\/talk.nordea.se\/privatebanking\/ar-du-redo-for-en-elektrisk-weekend-i-oslo\/"]}]},{"@type":"ImageObject","inLanguage":"sv-SE","@id":"https:\/\/talk.nordea.se\/privatebanking\/ar-du-redo-for-en-elektrisk-weekend-i-oslo\/#primaryimage","url":"https:\/\/talk.nordea.se\/privatebanking\/wp-content\/uploads\/2022\/05\/sommerro3-start.jpg","contentUrl":"https:\/\/talk.nordea.se\/privatebanking\/wp-content\/uploads\/2022\/05\/sommerro3-start.jpg","width":1667,"height":1667,"caption":"Sommerro, s\u00e4ng, rum"},{"@type":"BreadcrumbList","@id":"https:\/\/talk.nordea.se\/privatebanking\/ar-du-redo-for-en-elektrisk-weekend-i-oslo\/#breadcrumb","itemListElement":[{"@type":"ListItem","position":1,"name":"Home","item":"https:\/\/talk.nordea.se\/privatebanking\/"},{"@type":"ListItem","position":2,"name":"\u00c4r du redo f\u00f6r en elektrisk weekend i Oslo?"}]},{"@type":"WebSite","@id":"https:\/\/talk.nordea.se\/privatebanking\/#website","url":"https:\/\/talk.nordea.se\/privatebanking\/","name":"Talk with Nordea Private Banking","description":"","potentialAction":[{"@type":"SearchAction","target":{"@type":"EntryPoint","urlTemplate":"https:\/\/talk.nordea.se\/privatebanking\/?s={search_term_string}"},"query-input":{"@type":"PropertyValueSpecification","valueRequired":true,"valueName":"search_term_string"}}],"inLanguage":"sv-SE"},{"@type":"Person","@id":"https:\/\/talk.nordea.se\/privatebanking\/#\/schema\/person\/43e0be4ffef10b914d4ee31d1c384b60","name":"kairistila","image":{"@type":"ImageObject","inLanguage":"sv-SE","@id":"https:\/\/secure.gravatar.com\/avatar\/682d8aa364d89eb8cf10e1b8eceb8da43ac690bb420244e825e55e75b444beea?s=96&d=mm&r=g","url":"https:\/\/secure.gravatar.com\/avatar\/682d8aa364d89eb8cf10e1b8eceb8da43ac690bb420244e825e55e75b444beea?s=96&d=mm&r=g","contentUrl":"https:\/\/secure.gravatar.com\/avatar\/682d8aa364d89eb8cf10e1b8eceb8da43ac690bb420244e825e55e75b444beea?s=96&d=mm&r=g","caption":"kairistila"},"url":"https:\/\/talk.nordea.se\/privatebanking\/author\/kairistila\/"}]}},"_links":{"self":[{"href":"https:\/\/talk.nordea.se\/privatebanking\/wp-json\/wp\/v2\/posts\/8711","targetHints":{"allow":["GET"]}}],"collection":[{"href":"https:\/\/talk.nordea.se\/privatebanking\/wp-json\/wp\/v2\/posts"}],"about":[{"href":"https:\/\/talk.nordea.se\/privatebanking\/wp-json\/wp\/v2\/types\/post"}],"author":[{"embeddable":true,"href":"https:\/\/talk.nordea.se\/privatebanking\/wp-json\/wp\/v2\/users\/2"}],"replies":[{"embeddable":true,"href":"https:\/\/talk.nordea.se\/privatebanking\/wp-json\/wp\/v2\/comments?post=8711"}],"version-history":[{"count":8,"href":"https:\/\/talk.nordea.se\/privatebanking\/wp-json\/wp\/v2\/posts\/8711\/revisions"}],"predecessor-version":[{"id":8864,"href":"https:\/\/talk.nordea.se\/privatebanking\/wp-json\/wp\/v2\/posts\/8711\/revisions\/8864"}],"wp:featuredmedia":[{"embeddable":true,"href":"https:\/\/talk.nordea.se\/privatebanking\/wp-json\/wp\/v2\/media\/8714"}],"wp:attachment":[{"href":"https:\/\/talk.nordea.se\/privatebanking\/wp-json\/wp\/v2\/media?parent=8711"}],"wp:term":[{"taxonomy":"category","embeddable":true,"href":"https:\/\/talk.nordea.se\/privatebanking\/wp-json\/wp\/v2\/categories?post=8711"},{"taxonomy":"post_tag","embeddable":true,"href":"https:\/\/talk.nordea.se\/privatebanking\/wp-json\/wp\/v2\/tags?post=8711"}],"curies":[{"name":"wp","href":"https:\/\/api.w.org\/{rel}","templated":true}]}}