




{"id":714,"date":"2019-07-08T08:00:05","date_gmt":"2019-07-08T06:00:05","guid":{"rendered":"https:\/\/talk.nordea.se\/privatebanking\/?p=714"},"modified":"2019-07-07T20:33:11","modified_gmt":"2019-07-07T18:33:11","slug":"klimatexperten-klimatkrisen-maste-in-i-styrelserummen","status":"publish","type":"post","link":"https:\/\/talk.nordea.se\/privatebanking\/klimatexperten-klimatkrisen-maste-in-i-styrelserummen\/","title":{"rendered":"Klimatexperten: Klimatkrisen m\u00e5ste in i styrelserummen"},"content":{"rendered":"\n<p>Flyg\u00e5ngest,\nmatvanor och aktivisten Greta Thunbergs senaste manifestation. Det \u00e4r tydligt\natt klimatfr\u00e5gan seglat upp som en av de viktigaste \u2013 och mest oroande \u2013 f\u00f6r\nm\u00e4nniskor i Norden. Men vad ska man egentligen g\u00f6ra f\u00f6r att bidra till en mer\nh\u00e5llbar v\u00e4rld som privatperson? M\u00e5ste man sluta flyga och l\u00e4gga av med r\u00f6tt\nk\u00f6tt? <\/p>\n\n\n\n\n\n<figure id=\"fact-box-block_5d222fb0e923f\" class=\"text-box testimonial \">\n                <img decoding=\"async\" src=\"https:\/\/talk.nordea.se\/privatebanking\/wp-content\/uploads\/2019\/07\/kirsten-halsnaes-dtu-526x365.png\" style='max-width: 100%;' class=\"mb-2\" alt=\"\">\n            <h3>Kirsten Halsn\u00e6s<\/h3>\n    <p><strong>G\u00f6r:<\/strong> Klimatprofessor vid Technical University of Denmark. Har \u00e4gnat sig de senaste 20 \u00e5ren \u00e5t att i den offentliga klimatdebatten f\u00f6resl\u00e5 f\u00f6rslag och l\u00f6sningar, och sprida relevant milj\u00f6information. Kirsten \u00e4r \u00e4ven en av huvudf\u00f6rfattarna till FN:s klimatrapporter.<\/p>\n<p><strong>Utm\u00e4rkelse:<\/strong> Mottagare av 2019 \u00e5rs Forskningskommunikationspris fr\u00e5n Danmarks Frie Forskningsfond. Var en del av FN:s klimatpanel som tillsammans med Al Gore fick Nobels Fredspris 2007.<\/p>\n    <\/figure>\n\n\n\n<p>Nej,\nanser den v\u00e4lk\u00e4nda danska professorn och klimatdebatt\u00f6ren Kirsten Halsn\u00e6s, som\nmenar att f\u00e5 m\u00e4nniskor k\u00e4nner till att enbart tre procent av v\u00e4xthusutsl\u00e4ppen i\nv\u00e4rlden kommer fr\u00e5n flyget. <\/p>\n\n\n\n<p>\u2013 Om vi \u200b\u200bska begr\u00e4nsa\ntemperaturf\u00f6r\u00e4ndringar till 1,5 grader eller 2 grader, kr\u00e4vs en insats i alla\nsektorer. Det handlar allts\u00e5 om f\u00f6rnybar energi, effektivitetsf\u00f6rb\u00e4ttringar,\nbesparingar i industri och byggnader samt minskad v\u00e4gtransport och nya renare\ntransportmedel. Jordbruket m\u00e5ste ocks\u00e5 inkluderas med insatser i b\u00e5de\nproduktion och konsumtion. Att sluta flyga \u00e4r f\u00f6r ensidigt och kommer aldrig\natt kunna f\u00e5 brett st\u00f6d. <\/p>\n\n\n\n<p>Att\nensidigt bojkotta r\u00f6tt k\u00f6tt l\u00f6ser inte heller klimatfr\u00e5gan, det kan till och\nmed vara farligt att s\u00e5 l\u00e4ttvindigt f\u00f6renkla den till en r\u00e4tt p\u00e5 middagsbordet,\nenligt Halsn\u00e6s. Att \u00e4ta h\u00e5llbart handlar om att s\u00e4tta sig in i matens hela\nproduktionskedja \u2013 som \u00e4ven omfattar exempelvis foderh\u00e5llning, f\u00f6r\u00e4dling och\ntransporter. <\/p>\n\n\n\n<blockquote class=\"wp-block-quote is-layout-flow wp-block-quote-is-layout-flow\"><p>\u201dOm vi \u200b\u200bska begr\u00e4nsa temperaturf\u00f6r\u00e4ndringar till 1,5 grader eller 2 grader, kr\u00e4vs en insats i alla sektorer.\u201d <\/p><\/blockquote>\n\n\n\n<p>Vidare\nkan klimatmedvetna hj\u00e4lpa till genom att leva energisn\u00e5lt, \u00e5tervinna och minska\nsitt matsvinn. Men om klimatkrisen ska tacklas p\u00e5 riktigt s\u00e5 m\u00e5ste den upp p\u00e5\npolitisk niv\u00e5 och in i styrelserummen. <\/p>\n\n\n\n<p>Halsn\u00e6s\nmenar att fokus b\u00f6r ligga p\u00e5 innovationer inom energi, jordbruk och transporter\n\u2013 och att motivera snabbv\u00e4xande ekonomier att f\u00f6lja det globala Parisavtalet om\nklimatet. Hon vill ocks\u00e5 se en koldioxidskatt.<\/p>\n\n\n\n<p><strong>Kommer\nvi att klara klimatkrisen tror du, \u00e4r du optimist eller pessimist? &nbsp;<\/strong><\/p>\n\n\n\n<p>\u2013 Jag \u00e4r optimist, det finns gott om l\u00f6sningar och politisk vilja, och det har varit mycket st\u00f6rre framsteg inom energisektorn \u00e4n v\u00e4ntat under de senaste 20 \u00e5ren.<\/p>\n","protected":false},"excerpt":{"rendered":"<p>Flyg\u00e5ngest, matvanor och aktivisten Greta Thunbergs senaste manifestation. Det \u00e4r tydligt att klimatfr\u00e5gan seglat upp...<\/p>\n","protected":false},"author":2,"featured_media":722,"comment_status":"closed","ping_status":"closed","sticky":false,"template":"","format":"standard","meta":{"_acf_changed":false,"footnotes":""},"categories":[3],"tags":[33,70,71],"class_list":["post-714","post","type-post","status-publish","format-standard","has-post-thumbnail","hentry","category-hallbarhet","tag-hallbarhet","tag-kirsten-halsnaes","tag-technical-university-of-denmark"],"acf":[],"yoast_head":"<!-- This site is optimized with the Yoast SEO plugin v27.4 - https:\/\/yoast.com\/product\/yoast-seo-wordpress\/ -->\n<title>Klimatexperten: Klimatkrisen m\u00e5ste in i styrelserummen - Talk with Nordea Private Banking<\/title>\n<meta name=\"robots\" content=\"index, follow, max-snippet:-1, max-image-preview:large, max-video-preview:-1\" \/>\n<link rel=\"canonical\" href=\"https:\/\/talk.nordea.se\/privatebanking\/klimatexperten-klimatkrisen-maste-in-i-styrelserummen\/\" \/>\n<meta property=\"og:locale\" content=\"sv_SE\" \/>\n<meta property=\"og:type\" content=\"article\" \/>\n<meta property=\"og:title\" content=\"Klimatexperten: Klimatkrisen m\u00e5ste in i styrelserummen - Talk with Nordea Private Banking\" \/>\n<meta property=\"og:description\" content=\"Flyg\u00e5ngest, matvanor och aktivisten Greta Thunbergs senaste manifestation. Det \u00e4r tydligt att klimatfr\u00e5gan seglat upp...\" \/>\n<meta property=\"og:url\" content=\"https:\/\/talk.nordea.se\/privatebanking\/klimatexperten-klimatkrisen-maste-in-i-styrelserummen\/\" \/>\n<meta property=\"og:site_name\" content=\"Talk with Nordea Private Banking\" \/>\n<meta property=\"article:published_time\" content=\"2019-07-08T06:00:05+00:00\" \/>\n<meta property=\"og:image\" content=\"https:\/\/talk.nordea.se\/privatebanking\/wp-content\/uploads\/2019\/07\/hallbarhetkirsten-web.jpg\" \/>\n\t<meta property=\"og:image:width\" content=\"720\" \/>\n\t<meta property=\"og:image:height\" content=\"480\" \/>\n\t<meta property=\"og:image:type\" content=\"image\/jpeg\" \/>\n<meta name=\"author\" content=\"kairistila\" \/>\n<meta name=\"twitter:card\" content=\"summary_large_image\" \/>\n<meta name=\"twitter:label1\" content=\"Skriven av\" \/>\n\t<meta name=\"twitter:data1\" content=\"kairistila\" \/>\n\t<meta name=\"twitter:label2\" content=\"Ber\u00e4knad l\u00e4stid\" \/>\n\t<meta name=\"twitter:data2\" content=\"2 minuter\" \/>\n<script type=\"application\/ld+json\" class=\"yoast-schema-graph\">{\"@context\":\"https:\\\/\\\/schema.org\",\"@graph\":[{\"@type\":\"Article\",\"@id\":\"https:\\\/\\\/talk.nordea.se\\\/privatebanking\\\/klimatexperten-klimatkrisen-maste-in-i-styrelserummen\\\/#article\",\"isPartOf\":{\"@id\":\"https:\\\/\\\/talk.nordea.se\\\/privatebanking\\\/klimatexperten-klimatkrisen-maste-in-i-styrelserummen\\\/\"},\"author\":{\"name\":\"kairistila\",\"@id\":\"https:\\\/\\\/talk.nordea.se\\\/privatebanking\\\/#\\\/schema\\\/person\\\/43e0be4ffef10b914d4ee31d1c384b60\"},\"headline\":\"Klimatexperten: Klimatkrisen m\u00e5ste in i styrelserummen\",\"datePublished\":\"2019-07-08T06:00:05+00:00\",\"mainEntityOfPage\":{\"@id\":\"https:\\\/\\\/talk.nordea.se\\\/privatebanking\\\/klimatexperten-klimatkrisen-maste-in-i-styrelserummen\\\/\"},\"wordCount\":374,\"image\":{\"@id\":\"https:\\\/\\\/talk.nordea.se\\\/privatebanking\\\/klimatexperten-klimatkrisen-maste-in-i-styrelserummen\\\/#primaryimage\"},\"thumbnailUrl\":\"https:\\\/\\\/talk.nordea.se\\\/privatebanking\\\/wp-content\\\/uploads\\\/2019\\\/07\\\/hallbarhetkirsten-web.jpg\",\"keywords\":[\"H\u00e5llbarhet\",\"Kirsten Halsn\u00e6s\",\"Technical University of Denmark.\"],\"articleSection\":[\"H\u00e5llbarhet\"],\"inLanguage\":\"sv-SE\"},{\"@type\":\"WebPage\",\"@id\":\"https:\\\/\\\/talk.nordea.se\\\/privatebanking\\\/klimatexperten-klimatkrisen-maste-in-i-styrelserummen\\\/\",\"url\":\"https:\\\/\\\/talk.nordea.se\\\/privatebanking\\\/klimatexperten-klimatkrisen-maste-in-i-styrelserummen\\\/\",\"name\":\"Klimatexperten: Klimatkrisen m\u00e5ste in i styrelserummen - Talk with Nordea Private Banking\",\"isPartOf\":{\"@id\":\"https:\\\/\\\/talk.nordea.se\\\/privatebanking\\\/#website\"},\"primaryImageOfPage\":{\"@id\":\"https:\\\/\\\/talk.nordea.se\\\/privatebanking\\\/klimatexperten-klimatkrisen-maste-in-i-styrelserummen\\\/#primaryimage\"},\"image\":{\"@id\":\"https:\\\/\\\/talk.nordea.se\\\/privatebanking\\\/klimatexperten-klimatkrisen-maste-in-i-styrelserummen\\\/#primaryimage\"},\"thumbnailUrl\":\"https:\\\/\\\/talk.nordea.se\\\/privatebanking\\\/wp-content\\\/uploads\\\/2019\\\/07\\\/hallbarhetkirsten-web.jpg\",\"datePublished\":\"2019-07-08T06:00:05+00:00\",\"author\":{\"@id\":\"https:\\\/\\\/talk.nordea.se\\\/privatebanking\\\/#\\\/schema\\\/person\\\/43e0be4ffef10b914d4ee31d1c384b60\"},\"breadcrumb\":{\"@id\":\"https:\\\/\\\/talk.nordea.se\\\/privatebanking\\\/klimatexperten-klimatkrisen-maste-in-i-styrelserummen\\\/#breadcrumb\"},\"inLanguage\":\"sv-SE\",\"potentialAction\":[{\"@type\":\"ReadAction\",\"target\":[\"https:\\\/\\\/talk.nordea.se\\\/privatebanking\\\/klimatexperten-klimatkrisen-maste-in-i-styrelserummen\\\/\"]}]},{\"@type\":\"ImageObject\",\"inLanguage\":\"sv-SE\",\"@id\":\"https:\\\/\\\/talk.nordea.se\\\/privatebanking\\\/klimatexperten-klimatkrisen-maste-in-i-styrelserummen\\\/#primaryimage\",\"url\":\"https:\\\/\\\/talk.nordea.se\\\/privatebanking\\\/wp-content\\\/uploads\\\/2019\\\/07\\\/hallbarhetkirsten-web.jpg\",\"contentUrl\":\"https:\\\/\\\/talk.nordea.se\\\/privatebanking\\\/wp-content\\\/uploads\\\/2019\\\/07\\\/hallbarhetkirsten-web.jpg\",\"width\":720,\"height\":480,\"caption\":\"Klimatkrisen m\u00e5ste l\u00f6sas p\u00e5 politisk niv\u00e5 och i styrelserummen, menar professorn och klimatdebatt\u00f6ren Kirsten Halsn\u00e6s. Foto: TUD\"},{\"@type\":\"BreadcrumbList\",\"@id\":\"https:\\\/\\\/talk.nordea.se\\\/privatebanking\\\/klimatexperten-klimatkrisen-maste-in-i-styrelserummen\\\/#breadcrumb\",\"itemListElement\":[{\"@type\":\"ListItem\",\"position\":1,\"name\":\"Home\",\"item\":\"https:\\\/\\\/talk.nordea.se\\\/privatebanking\\\/\"},{\"@type\":\"ListItem\",\"position\":2,\"name\":\"Klimatexperten: Klimatkrisen m\u00e5ste in i styrelserummen\"}]},{\"@type\":\"WebSite\",\"@id\":\"https:\\\/\\\/talk.nordea.se\\\/privatebanking\\\/#website\",\"url\":\"https:\\\/\\\/talk.nordea.se\\\/privatebanking\\\/\",\"name\":\"Talk with Nordea Private Banking\",\"description\":\"\",\"potentialAction\":[{\"@type\":\"SearchAction\",\"target\":{\"@type\":\"EntryPoint\",\"urlTemplate\":\"https:\\\/\\\/talk.nordea.se\\\/privatebanking\\\/?s={search_term_string}\"},\"query-input\":{\"@type\":\"PropertyValueSpecification\",\"valueRequired\":true,\"valueName\":\"search_term_string\"}}],\"inLanguage\":\"sv-SE\"},{\"@type\":\"Person\",\"@id\":\"https:\\\/\\\/talk.nordea.se\\\/privatebanking\\\/#\\\/schema\\\/person\\\/43e0be4ffef10b914d4ee31d1c384b60\",\"name\":\"kairistila\",\"image\":{\"@type\":\"ImageObject\",\"inLanguage\":\"sv-SE\",\"@id\":\"https:\\\/\\\/secure.gravatar.com\\\/avatar\\\/682d8aa364d89eb8cf10e1b8eceb8da43ac690bb420244e825e55e75b444beea?s=96&d=mm&r=g\",\"url\":\"https:\\\/\\\/secure.gravatar.com\\\/avatar\\\/682d8aa364d89eb8cf10e1b8eceb8da43ac690bb420244e825e55e75b444beea?s=96&d=mm&r=g\",\"contentUrl\":\"https:\\\/\\\/secure.gravatar.com\\\/avatar\\\/682d8aa364d89eb8cf10e1b8eceb8da43ac690bb420244e825e55e75b444beea?s=96&d=mm&r=g\",\"caption\":\"kairistila\"},\"url\":\"https:\\\/\\\/talk.nordea.se\\\/privatebanking\\\/author\\\/kairistila\\\/\"}]}<\/script>\n<!-- \/ Yoast SEO plugin. -->","yoast_head_json":{"title":"Klimatexperten: Klimatkrisen m\u00e5ste in i styrelserummen - Talk with Nordea Private Banking","robots":{"index":"index","follow":"follow","max-snippet":"max-snippet:-1","max-image-preview":"max-image-preview:large","max-video-preview":"max-video-preview:-1"},"canonical":"https:\/\/talk.nordea.se\/privatebanking\/klimatexperten-klimatkrisen-maste-in-i-styrelserummen\/","og_locale":"sv_SE","og_type":"article","og_title":"Klimatexperten: Klimatkrisen m\u00e5ste in i styrelserummen - Talk with Nordea Private Banking","og_description":"Flyg\u00e5ngest, matvanor och aktivisten Greta Thunbergs senaste manifestation. Det \u00e4r tydligt att klimatfr\u00e5gan seglat upp...","og_url":"https:\/\/talk.nordea.se\/privatebanking\/klimatexperten-klimatkrisen-maste-in-i-styrelserummen\/","og_site_name":"Talk with Nordea Private Banking","article_published_time":"2019-07-08T06:00:05+00:00","og_image":[{"width":720,"height":480,"url":"https:\/\/talk.nordea.se\/privatebanking\/wp-content\/uploads\/2019\/07\/hallbarhetkirsten-web.jpg","type":"image\/jpeg"}],"author":"kairistila","twitter_card":"summary_large_image","twitter_misc":{"Skriven av":"kairistila","Ber\u00e4knad l\u00e4stid":"2 minuter"},"schema":{"@context":"https:\/\/schema.org","@graph":[{"@type":"Article","@id":"https:\/\/talk.nordea.se\/privatebanking\/klimatexperten-klimatkrisen-maste-in-i-styrelserummen\/#article","isPartOf":{"@id":"https:\/\/talk.nordea.se\/privatebanking\/klimatexperten-klimatkrisen-maste-in-i-styrelserummen\/"},"author":{"name":"kairistila","@id":"https:\/\/talk.nordea.se\/privatebanking\/#\/schema\/person\/43e0be4ffef10b914d4ee31d1c384b60"},"headline":"Klimatexperten: Klimatkrisen m\u00e5ste in i styrelserummen","datePublished":"2019-07-08T06:00:05+00:00","mainEntityOfPage":{"@id":"https:\/\/talk.nordea.se\/privatebanking\/klimatexperten-klimatkrisen-maste-in-i-styrelserummen\/"},"wordCount":374,"image":{"@id":"https:\/\/talk.nordea.se\/privatebanking\/klimatexperten-klimatkrisen-maste-in-i-styrelserummen\/#primaryimage"},"thumbnailUrl":"https:\/\/talk.nordea.se\/privatebanking\/wp-content\/uploads\/2019\/07\/hallbarhetkirsten-web.jpg","keywords":["H\u00e5llbarhet","Kirsten Halsn\u00e6s","Technical University of Denmark."],"articleSection":["H\u00e5llbarhet"],"inLanguage":"sv-SE"},{"@type":"WebPage","@id":"https:\/\/talk.nordea.se\/privatebanking\/klimatexperten-klimatkrisen-maste-in-i-styrelserummen\/","url":"https:\/\/talk.nordea.se\/privatebanking\/klimatexperten-klimatkrisen-maste-in-i-styrelserummen\/","name":"Klimatexperten: Klimatkrisen m\u00e5ste in i styrelserummen - Talk with Nordea Private Banking","isPartOf":{"@id":"https:\/\/talk.nordea.se\/privatebanking\/#website"},"primaryImageOfPage":{"@id":"https:\/\/talk.nordea.se\/privatebanking\/klimatexperten-klimatkrisen-maste-in-i-styrelserummen\/#primaryimage"},"image":{"@id":"https:\/\/talk.nordea.se\/privatebanking\/klimatexperten-klimatkrisen-maste-in-i-styrelserummen\/#primaryimage"},"thumbnailUrl":"https:\/\/talk.nordea.se\/privatebanking\/wp-content\/uploads\/2019\/07\/hallbarhetkirsten-web.jpg","datePublished":"2019-07-08T06:00:05+00:00","author":{"@id":"https:\/\/talk.nordea.se\/privatebanking\/#\/schema\/person\/43e0be4ffef10b914d4ee31d1c384b60"},"breadcrumb":{"@id":"https:\/\/talk.nordea.se\/privatebanking\/klimatexperten-klimatkrisen-maste-in-i-styrelserummen\/#breadcrumb"},"inLanguage":"sv-SE","potentialAction":[{"@type":"ReadAction","target":["https:\/\/talk.nordea.se\/privatebanking\/klimatexperten-klimatkrisen-maste-in-i-styrelserummen\/"]}]},{"@type":"ImageObject","inLanguage":"sv-SE","@id":"https:\/\/talk.nordea.se\/privatebanking\/klimatexperten-klimatkrisen-maste-in-i-styrelserummen\/#primaryimage","url":"https:\/\/talk.nordea.se\/privatebanking\/wp-content\/uploads\/2019\/07\/hallbarhetkirsten-web.jpg","contentUrl":"https:\/\/talk.nordea.se\/privatebanking\/wp-content\/uploads\/2019\/07\/hallbarhetkirsten-web.jpg","width":720,"height":480,"caption":"Klimatkrisen m\u00e5ste l\u00f6sas p\u00e5 politisk niv\u00e5 och i styrelserummen, menar professorn och klimatdebatt\u00f6ren Kirsten Halsn\u00e6s. Foto: TUD"},{"@type":"BreadcrumbList","@id":"https:\/\/talk.nordea.se\/privatebanking\/klimatexperten-klimatkrisen-maste-in-i-styrelserummen\/#breadcrumb","itemListElement":[{"@type":"ListItem","position":1,"name":"Home","item":"https:\/\/talk.nordea.se\/privatebanking\/"},{"@type":"ListItem","position":2,"name":"Klimatexperten: Klimatkrisen m\u00e5ste in i styrelserummen"}]},{"@type":"WebSite","@id":"https:\/\/talk.nordea.se\/privatebanking\/#website","url":"https:\/\/talk.nordea.se\/privatebanking\/","name":"Talk with Nordea Private Banking","description":"","potentialAction":[{"@type":"SearchAction","target":{"@type":"EntryPoint","urlTemplate":"https:\/\/talk.nordea.se\/privatebanking\/?s={search_term_string}"},"query-input":{"@type":"PropertyValueSpecification","valueRequired":true,"valueName":"search_term_string"}}],"inLanguage":"sv-SE"},{"@type":"Person","@id":"https:\/\/talk.nordea.se\/privatebanking\/#\/schema\/person\/43e0be4ffef10b914d4ee31d1c384b60","name":"kairistila","image":{"@type":"ImageObject","inLanguage":"sv-SE","@id":"https:\/\/secure.gravatar.com\/avatar\/682d8aa364d89eb8cf10e1b8eceb8da43ac690bb420244e825e55e75b444beea?s=96&d=mm&r=g","url":"https:\/\/secure.gravatar.com\/avatar\/682d8aa364d89eb8cf10e1b8eceb8da43ac690bb420244e825e55e75b444beea?s=96&d=mm&r=g","contentUrl":"https:\/\/secure.gravatar.com\/avatar\/682d8aa364d89eb8cf10e1b8eceb8da43ac690bb420244e825e55e75b444beea?s=96&d=mm&r=g","caption":"kairistila"},"url":"https:\/\/talk.nordea.se\/privatebanking\/author\/kairistila\/"}]}},"_links":{"self":[{"href":"https:\/\/talk.nordea.se\/privatebanking\/wp-json\/wp\/v2\/posts\/714","targetHints":{"allow":["GET"]}}],"collection":[{"href":"https:\/\/talk.nordea.se\/privatebanking\/wp-json\/wp\/v2\/posts"}],"about":[{"href":"https:\/\/talk.nordea.se\/privatebanking\/wp-json\/wp\/v2\/types\/post"}],"author":[{"embeddable":true,"href":"https:\/\/talk.nordea.se\/privatebanking\/wp-json\/wp\/v2\/users\/2"}],"replies":[{"embeddable":true,"href":"https:\/\/talk.nordea.se\/privatebanking\/wp-json\/wp\/v2\/comments?post=714"}],"version-history":[{"count":12,"href":"https:\/\/talk.nordea.se\/privatebanking\/wp-json\/wp\/v2\/posts\/714\/revisions"}],"predecessor-version":[{"id":746,"href":"https:\/\/talk.nordea.se\/privatebanking\/wp-json\/wp\/v2\/posts\/714\/revisions\/746"}],"wp:featuredmedia":[{"embeddable":true,"href":"https:\/\/talk.nordea.se\/privatebanking\/wp-json\/wp\/v2\/media\/722"}],"wp:attachment":[{"href":"https:\/\/talk.nordea.se\/privatebanking\/wp-json\/wp\/v2\/media?parent=714"}],"wp:term":[{"taxonomy":"category","embeddable":true,"href":"https:\/\/talk.nordea.se\/privatebanking\/wp-json\/wp\/v2\/categories?post=714"},{"taxonomy":"post_tag","embeddable":true,"href":"https:\/\/talk.nordea.se\/privatebanking\/wp-json\/wp\/v2\/tags?post=714"}],"curies":[{"name":"wp","href":"https:\/\/api.w.org\/{rel}","templated":true}]}}