




{"id":6125,"date":"2021-07-01T19:58:49","date_gmt":"2021-07-01T17:58:49","guid":{"rendered":"https:\/\/talk.nordea.se\/privatebanking\/?p=6125"},"modified":"2021-07-05T12:10:17","modified_gmt":"2021-07-05T10:10:17","slug":"nar-varlden-skalvde","status":"publish","type":"post","link":"https:\/\/talk.nordea.se\/privatebanking\/nar-varlden-skalvde\/","title":{"rendered":"N\u00e4r v\u00e4rlden sk\u00e4lvde"},"content":{"rendered":"\n<p>N\u00e4r Ninni Franceschi dyker upp p\u00e5 Teams-sk\u00e4rmen dras \u00f6gonen, f\u00f6rutom till henne f\u00f6rst\u00e5s, till en liten tavla snett bakom hennes rygg p\u00e5 hemmakontoret. Det \u00e4r ett s\u00e4reget beg\u00e5vat halvabstrakt portr\u00e4tt i gr\u00f6na nyanser. Vi ska \u00e5terkomma till det. Men f\u00f6rst g\u00e5r vi tillbaka sex \u00e5r. F\u00f6r d\u00e5, p\u00e5 sommaren 2015, tilltr\u00e4dde Ninni Franceschi som chef f\u00f6r Private Banking p\u00e5 Nordea. Det har varit sex extremt h\u00e4ndelserika och utvecklande \u00e5r, s\u00e5v\u00e4l f\u00f6r henne personligen som ledare, som f\u00f6r banken i stort.<\/p>\n\n\n\n<p>\u2013 N\u00e4r jag fick det h\u00e4r jobbet hade jag varit i banken i uppemot 20 \u00e5r, s\u00e4ger hon. \"Vilken tid det tog\", kanske n\u00e5gon f\u00e5r f\u00f6r sig att s\u00e4ga, men jag har haft en s\u00e5dan enorm utveckling i s\u00e5 m\u00e5nga olika delar i banken under den tiden. Jag har jobbat med allt fr\u00e5n management support till produktutveckling, r\u00e5dgivning och f\u00f6rs\u00e4ljning. Det \u00e4r s\u00e5 man l\u00e4r sig p\u00e5 riktigt, det g\u00f6r man inte genom att bara vilja upp\u00e5t. Jag skulle nog inte sj\u00e4lv ha ansett mig mogen det h\u00e4r ansvaret s\u00e5 v\u00e4ldigt mycket tidigare.<\/p>\n\n\n\n<p>Hon beskriver sig som en extremt nyfiken chef, att hon i hemlighet egentligen \u00e4r lite avundsjuk p\u00e5 varenda aff\u00e4rsutvecklare. Men hon l\u00e4gger band p\u00e5 sig sj\u00e4lv och g\u00e5r inte sj\u00e4lv f\u00f6r djupt in i vissa fr\u00e5gor, f\u00f6rs\u00f6ker inte vara med \u00f6verallt driven av eget intresse.<\/p>\n\n\n\n<figure class=\"wp-block-image size-large\"><img loading=\"lazy\" decoding=\"async\" width=\"1024\" height=\"684\" src=\"https:\/\/talk.nordea.se\/privatebanking\/wp-content\/uploads\/2021\/07\/2-dsc4874-web-1024x684.jpg\" alt=\"Ninni Franceschi\" class=\"wp-image-6127\" srcset=\"https:\/\/talk.nordea.se\/privatebanking\/wp-content\/uploads\/2021\/07\/2-dsc4874-web-1024x684.jpg 1024w, https:\/\/talk.nordea.se\/privatebanking\/wp-content\/uploads\/2021\/07\/2-dsc4874-web-300x200.jpg 300w, https:\/\/talk.nordea.se\/privatebanking\/wp-content\/uploads\/2021\/07\/2-dsc4874-web-768x513.jpg 768w, https:\/\/talk.nordea.se\/privatebanking\/wp-content\/uploads\/2021\/07\/2-dsc4874-web-240x160.jpg 240w, https:\/\/talk.nordea.se\/privatebanking\/wp-content\/uploads\/2021\/07\/2-dsc4874-web-526x351.jpg 526w, https:\/\/talk.nordea.se\/privatebanking\/wp-content\/uploads\/2021\/07\/2-dsc4874-web-720x481.jpg 720w, https:\/\/talk.nordea.se\/privatebanking\/wp-content\/uploads\/2021\/07\/2-dsc4874-web-960x641.jpg 960w, https:\/\/talk.nordea.se\/privatebanking\/wp-content\/uploads\/2021\/07\/2-dsc4874-web.jpg 1080w\" sizes=\"auto, (max-width: 1024px) 100vw, 1024px\" \/><figcaption>N\u00e4r pandemin st\u00e4ngde ned v\u00e4rlden blev det ocks\u00e5 ett eldprov f\u00f6r Ninni Franceschi. \u201dVi fokuserade p\u00e5 att ge snabbt informationsst\u00f6d till v\u00e5ra r\u00e5dgivare s\u00e5 att de i sin tur kunde fokusera p\u00e5 kunderna och deras portf\u00f6ljer.\u201d<\/figcaption><\/figure>\n\n\n\n\n\n<figure id=\"fact-box-block_60ddffa977d5e\" class=\"text-box testimonial \">\n            <h3>Ninni Franceschi <\/h3>\n    <p><strong>F\u00f6dd:<\/strong> 1968<\/p>\n<p><strong>Bor:<\/strong> Ekhagen, Stockholm<\/p>\n<p><strong>Familj:<\/strong> Gift, tv\u00e5 vuxna barn<\/p>\n<p><strong>G\u00f6r:<\/strong> Ansvarig f\u00f6r Nordea Wealth Management<\/p>\n<p><strong>Karri\u00e4r i korthet:<\/strong> B\u00f6rjade i banken som management support, d\u00e4refter under tidigt 2000-tal ansvarig f\u00f6r delar av internetutveckling och kommunikation f\u00f6r sparande\u00adomr\u00e5det. \u00c4ven ansvarat f\u00f6r produkt\u00adutveckling f\u00f6r privat\u00adkunds\u00adsegmentet, konceptutveckling f\u00f6r Private Banking och var chef f\u00f6r sparande\u00adomr\u00e5det inom Nordea Sverige 2009-2015. Sedan 2015 chef f\u00f6r Private Banking Sverige, som 2021 ut\u00f6kades till Nordea Wealth Management.<\/p>\n<p><strong>Utbildning:<\/strong> Executive MBA, chefs\u00adutvecklingsprogram Stockholm Business School, magisterexamen i f\u00f6retags\u00adekonomi Stockholms universitet, IHM Business School, Strategic Marketing &amp; Brand Management.<\/p>\n<p><strong>G\u00f6r helst utanf\u00f6r jobbet:<\/strong> Tr\u00e4nar, \u00e4ter god mat, umg\u00e5s med familj och v\u00e4nner, kulturar mig<\/p>\n<p><strong>Inspirationsk\u00e4llor eller f\u00f6rebild:<\/strong> M\u00e5nga, just nu stort fan av f\u00f6rfattaren och filosofiprofessorn Jonna Bornemark, som ger mig mycket att fundera p\u00e5.<\/p>\n<p><strong>Dold talang:<\/strong> Var framg\u00e5ngsrik webbastrolog \u00e4nda tills jag r\u00e5kade skriva samma horoskop f\u00f6r tv\u00e5 olika stj\u00e4rntecken och fick sparken.<\/p>\n    <\/figure>\n\n\n\n<p>\u2013 Jag tror verkligen p\u00e5 att ha respekt f\u00f6r att alla g\u00f6r sitt jobb, jag litar p\u00e5 \"the wisdom of the crowd\u201d. Och s\u00e5 har jag insett att slutresultatet alltid blir b\u00e4ttre om n\u00e5gon annan har gjort arbetet \u2013 tyv\u00e4rr, till\u00e4gger hon och skrattar gott.<\/p>\n\n\n\n<p>Men f\u00f6rra v\u00e5ren blev det l\u00e4tt att h\u00e5lla sig f\u00f6r skratt. N\u00e4r pandemin slog till sattes Ninni Franceschis ledarskap p\u00e5 ett prov som inget hade gjort f\u00f6rr. Ingen n\u00e5gonstans, hade f\u00f6rst\u00e5s haft en tanke p\u00e5 en pandemi som p\u00e5 mer eller mindre p\u00e5 nolltid skulle lamsl\u00e5 stora delar av v\u00e4rlden, st\u00e4nga s\u00e5v\u00e4l n\u00e4ringsliv som umg\u00e4ngesliv, och f\u00e5 b\u00f6rserna att skaka nerv\u00f6st.<\/p>\n\n\n\n<p>\u2013 P\u00e5 ledarskapsfronten p\u00e5verkade det v\u00e4ldigt mycket, s\u00e4ger Ninni Franceschi. N\u00e4r det brakade p\u00e5 b\u00f6rserna och egentligen alla marknader gick rakt ner i k\u00e4llaren f\u00f6rra v\u00e5ren var det extremt dramatiskt. Vissa delmarknader gick ju ned i permafrost. D\u00e5 satt vi med personal och kunder som skulle navigera i en h\u00f6gst os\u00e4ker och galet volatil marknad, s\u00e5 vi fokuserade p\u00e5 att ge snabbt informationsst\u00f6d till v\u00e5ra r\u00e5dgivare s\u00e5 att de i sin tur kunde fokusera p\u00e5 kunderna och deras portf\u00f6ljer. Ta hand om r\u00e5dgivarna s\u00e5 de kunde ta hand om kunderna, helt enkelt.<\/p>\n\n\n\n<p>\u2013 Alla \u2013 ledare s\u00e5v\u00e4l som r\u00e5dgivare och specialister \u2013 jobbade otroligt bra med detta och i slut\u00e4nden var de allra flesta portf\u00f6ljer kvar n\u00e4r den st\u00f6rre v\u00e4ndningen v\u00e4l kom. De hade inte g\u00e5tt ur vid fel tillf\u00e4lle. Det \u00e4r ju annars en klassisk reaktion, vi \u00e4r alla irrationella varelser som avskyr en f\u00f6rlust mer \u00e4n vi h\u00e5ller ut f\u00f6r en potentiell vinst.<\/p>\n\n\n\n<p>Ninni Franceschi menar att framf\u00f6r allt vikten av st\u00e4ndig kommunikation och tydlighet blev en l\u00e4rdom under den h\u00e4r sv\u00e5ra perioden.<\/p>\n\n\n\n<figure class=\"wp-block-image size-large\"><img loading=\"lazy\" decoding=\"async\" width=\"1024\" height=\"684\" src=\"https:\/\/talk.nordea.se\/privatebanking\/wp-content\/uploads\/2021\/07\/3-dsc5125-web-1024x684.jpg\" alt=\"Ninni Franceschi\" class=\"wp-image-6128\" srcset=\"https:\/\/talk.nordea.se\/privatebanking\/wp-content\/uploads\/2021\/07\/3-dsc5125-web-1024x684.jpg 1024w, https:\/\/talk.nordea.se\/privatebanking\/wp-content\/uploads\/2021\/07\/3-dsc5125-web-300x200.jpg 300w, https:\/\/talk.nordea.se\/privatebanking\/wp-content\/uploads\/2021\/07\/3-dsc5125-web-768x513.jpg 768w, https:\/\/talk.nordea.se\/privatebanking\/wp-content\/uploads\/2021\/07\/3-dsc5125-web-240x160.jpg 240w, https:\/\/talk.nordea.se\/privatebanking\/wp-content\/uploads\/2021\/07\/3-dsc5125-web-526x351.jpg 526w, https:\/\/talk.nordea.se\/privatebanking\/wp-content\/uploads\/2021\/07\/3-dsc5125-web-720x481.jpg 720w, https:\/\/talk.nordea.se\/privatebanking\/wp-content\/uploads\/2021\/07\/3-dsc5125-web-960x641.jpg 960w, https:\/\/talk.nordea.se\/privatebanking\/wp-content\/uploads\/2021\/07\/3-dsc5125-web.jpg 1080w\" sizes=\"auto, (max-width: 1024px) 100vw, 1024px\" \/><figcaption>En gr\u00f6nare v\u00e4rld. Ninni Franceschi tror att inom tio \u00e5r kommer utvecklingen mot ett h\u00e5llbarare samh\u00e4lle ha accelererat \u2013 de allra flesta produkter kommer att utg\u00e5 fr\u00e5n ett h\u00e5llbarhetst\u00e4nk.<\/figcaption><\/figure>\n\n\n\n<p>\u2013 Det fanns en s\u00e5dan underliggande ovisshet och os\u00e4kerhet hos var och en, med en v\u00e4ldig massa fr\u00e5gor. Och v\u00e4ldigt f\u00e5 svar. Men det h\u00e4r l\u00e4rde mig att \u00e4ven om du inte har n\u00e5got nytt att s\u00e4ga som ledare, s\u00e4g n\u00e5got \u00e4nd\u00e5. Det handlar inte alltid om fakta i ett s\u00e5dant l\u00e4ge, det \u00e4r v\u00e4rre l\u00e5ta folk sv\u00e4va i ovisshet i tystnad.<\/p>\n\n\n\n<p>\u2013 Jag tror att vi kn\u00f6t banden starkare, b\u00e5de inom banken och till kunderna. Jag tycker det visade sig att vi brydde oss mycket mer om varandra \u00e4n v\u00e4ntat. Det s\u00e5g man ju ocks\u00e5 i samh\u00e4llet. Det \u00e4r s\u00e5 h\u00e4r i efterhand en v\u00e4ldigt bra k\u00e4nsla, att ha sett den h\u00f6ga niv\u00e5n av medk\u00e4nsla och solidaritet.<\/p>\n\n\n\n<p>Hon lyfter relationen till kunderna som den rikaste k\u00e4llan till st\u00e4ndig utveckling av s\u00e5v\u00e4l hennes eget ledarskap som teamets arbetsmetodik.<\/p>\n\n\n\n<p>\u2013 Jag kan s\u00e4ga att jag n\u00e4r jag var ny chef f\u00f6rv\u00e5nades jag av kundernas starka engagemang. De vill verkligen att r\u00e5dgivarna, juristerna och specialisterna ska ha det bra. Kunderna l\u00e4r oss n\u00e5gonting nytt varje dag och deras tryck p\u00e5 att vi har ett bra ledarskap, att vi har tid f\u00f6r reflektion och inte en massa stress, det \u00e4r otroligt bra input. I dag k\u00e4nns det sj\u00e4lvklart att vi m\u00e5ste ha medarbetare som m\u00e5r bra och tycker det \u00e4r roligt att g\u00e5 till jobbet, och d\u00e4rmed g\u00f6r mest nytta f\u00f6r alla, s\u00e4ger hon.<\/p>\n\n\n\n<p>Andra omv\u00e4lvande h\u00e4ndelser som intr\u00e4ffat i bankv\u00e4rlden p\u00e5 senare \u00e5r \u00e4r de penningtv\u00e4ttsh\u00e4rvor som drabbat m\u00e5nga banker.<\/p>\n\n\n\n<figure class=\"wp-block-image size-large\"><img loading=\"lazy\" decoding=\"async\" width=\"1024\" height=\"684\" src=\"https:\/\/talk.nordea.se\/privatebanking\/wp-content\/uploads\/2021\/07\/4-dsc4643-web-1024x684.jpg\" alt=\"Ninni Franceschi\" class=\"wp-image-6129\" srcset=\"https:\/\/talk.nordea.se\/privatebanking\/wp-content\/uploads\/2021\/07\/4-dsc4643-web-1024x684.jpg 1024w, https:\/\/talk.nordea.se\/privatebanking\/wp-content\/uploads\/2021\/07\/4-dsc4643-web-300x200.jpg 300w, https:\/\/talk.nordea.se\/privatebanking\/wp-content\/uploads\/2021\/07\/4-dsc4643-web-768x513.jpg 768w, https:\/\/talk.nordea.se\/privatebanking\/wp-content\/uploads\/2021\/07\/4-dsc4643-web-240x160.jpg 240w, https:\/\/talk.nordea.se\/privatebanking\/wp-content\/uploads\/2021\/07\/4-dsc4643-web-526x351.jpg 526w, https:\/\/talk.nordea.se\/privatebanking\/wp-content\/uploads\/2021\/07\/4-dsc4643-web-720x481.jpg 720w, https:\/\/talk.nordea.se\/privatebanking\/wp-content\/uploads\/2021\/07\/4-dsc4643-web-960x641.jpg 960w, https:\/\/talk.nordea.se\/privatebanking\/wp-content\/uploads\/2021\/07\/4-dsc4643-web.jpg 1080w\" sizes=\"auto, (max-width: 1024px) 100vw, 1024px\" \/><figcaption>Spaning i tiden. Ninni Franceschi menar att teknikspr\u00e5nget vi tog under pandemin kommer inneb\u00e4ra fler men effektivare m\u00f6ten fram\u00f6ver. <\/figcaption><\/figure>\n\n\n\n<p>\u2013 Vi har inte haft n\u00e5got komprometterande case, men vi har som alla andra varit tvungna att s\u00e4kerst\u00e4lla att vi har ordentlig ordning och reda. Det har st\u00e4rkt min tes att vi alltid m\u00e5ste ha kvalitet i grunden. N\u00e4r vi har det i v\u00e5rt arbetss\u00e4tt och har ett \u00e4nnu b\u00e4ttre systemst\u00f6d s\u00e5 vet vi ju att vi inte ens av misstag kan bidra till penningtv\u00e4tt utan kan fokusera p\u00e5 aff\u00e4ren i st\u00e4llet. Det l\u00e5ter j\u00e4ttetr\u00e5kigt med \"ordning och reda\" men den h\u00e5llbarheten l\u00f6nar sig.<\/p>\n\n\n\n<p>H\u00e5llbarhet, ja. L\u00e4nge har det varit ett lika luddigt som vanligt begrepp inom i princip alla ekonomiska sf\u00e4rer. Men under pandemin har det blivit en rej\u00e4l investeringsskjuts, menar Ninni Franceschi.<\/p>\n\n\n\n<p>\u2013 Trenden har p\u00e5g\u00e5tt i m\u00e5nga \u00e5r, s\u00e4ger hon, men pandemin har drivit p\u00e5, om man till exempel ser till den diskussion som finns om huruvida virus kan f\u00e5 \u00f6kad r\u00e4ckvidd om klimatkrisen blir mer akut. N\u00e4ringslivet har verkligen b\u00f6rjat fundera i en helt ny riktning. Och n\u00e4r man har bottnat i det blir det ju en enorm accelerationseffekt och kapitalet b\u00f6rjar flytta p\u00e5 sig. Det handlar inte bara om teknikutvecklingen, utan ocks\u00e5 hur viktigt det \u00e4r att beh\u00e5lla en \u00f6ppen v\u00e4rld d\u00e4r vi \u00e4r solidariska \u00f6ver landsgr\u00e4nserna, hj\u00e4lper och forts\u00e4tter handla med varandra. Det tror jag fortare \u00e4n n\u00e5gonsin kommer p\u00e5verka olika typer av gr\u00f6na investeringar. Det har blivit en tankev\u00e4ckare hur fort allt kan sprida sig, \u00e4ven en klimatkris.<\/p>\n\n\n\n<p>\u2013 Jag tror att det mycket snart kommer finnas en f\u00f6rv\u00e4ntan p\u00e5 att allt vi g\u00f6r ska vara h\u00e5llbart \u00f6ver tid, forts\u00e4tter hon. Inom en tio\u00e5rsperiod tror jag att vi kommer ha enbart n\u00e5gon form av h\u00e5llbara produkter. Det \u00e4r en sp\u00e4nnande resa att g\u00f6ra och det \u00e4r kul att vara mitt i den som bank, f\u00f6r vi \u00e4r ju en l\u00e4nk i samh\u00e4llet. Det kommer beh\u00f6va fattas en del modiga beslut, som r\u00f6r sig inte bara mot n\u00e4sta kvartal \u2013&nbsp;utan mot vilken v\u00e4rld vi vill ha. Det kommer finnas mycket att prata med kunderna om, kan man s\u00e4ga.<\/p>\n\n\n\n<figure class=\"wp-block-image size-large\"><img loading=\"lazy\" decoding=\"async\" width=\"1024\" height=\"684\" src=\"https:\/\/talk.nordea.se\/privatebanking\/wp-content\/uploads\/2021\/07\/5-dsc4894-web-1024x684.jpg\" alt=\"Ninni Franceschi\" class=\"wp-image-6130\" srcset=\"https:\/\/talk.nordea.se\/privatebanking\/wp-content\/uploads\/2021\/07\/5-dsc4894-web-1024x684.jpg 1024w, https:\/\/talk.nordea.se\/privatebanking\/wp-content\/uploads\/2021\/07\/5-dsc4894-web-300x200.jpg 300w, https:\/\/talk.nordea.se\/privatebanking\/wp-content\/uploads\/2021\/07\/5-dsc4894-web-768x513.jpg 768w, https:\/\/talk.nordea.se\/privatebanking\/wp-content\/uploads\/2021\/07\/5-dsc4894-web-240x160.jpg 240w, https:\/\/talk.nordea.se\/privatebanking\/wp-content\/uploads\/2021\/07\/5-dsc4894-web-526x351.jpg 526w, https:\/\/talk.nordea.se\/privatebanking\/wp-content\/uploads\/2021\/07\/5-dsc4894-web-720x481.jpg 720w, https:\/\/talk.nordea.se\/privatebanking\/wp-content\/uploads\/2021\/07\/5-dsc4894-web-960x641.jpg 960w, https:\/\/talk.nordea.se\/privatebanking\/wp-content\/uploads\/2021\/07\/5-dsc4894-web.jpg 1080w\" sizes=\"auto, (max-width: 1024px) 100vw, 1024px\" \/><figcaption>Digitaliseringsutmaningar \u00e4r ingen nyhet f\u00f6r Ninni Franceschi. N\u00e4r hon b\u00f6rjade p\u00e5 banken f\u00f6r 20 \u00e5r sedan var hon ansvarig f\u00f6r att utveckla bankens allra f\u00f6rsta hemsida f\u00f6r portf\u00f6ljf\u00f6rvaltning. <\/figcaption><\/figure>\n\n\n\n<p>Givetvis har \u00e4ven digitaliseringen blivit ett mer reellt begrepp de senaste ett och ett halvt \u00e5ren. Den h\u00e4r videointervjun \u00e4r bara ett av m\u00e5nga exempel p\u00e5 hur fort vi kan v\u00e4nja oss vid ny teknik, och att d\u00e4rmed kvalitetskraven kommer att stiga. Ninni Franceschi tror att framtidens fysiska arbetsm\u00f6ten kommer koncentreras till n\u00e4r det verkligen finns ett v\u00e4rdeskapande i att ses.<\/p>\n\n\n\n<p>\u2013 Jag tror att vi kommer effektivisera v\u00e5r tid \u00e4nnu mer, s\u00e4ger hon. Att n\u00e4r vi verkligen tr\u00e4ffas s\u00e5 blir det mer eventdrivet, att vi n\u00e4tverkar med kunder eller experter, knyter kontakter. Det kommer man vilja ha eftersom vi \u00e4r sociala djur.<\/p>\n\n\n\n<p>\u2013 Och eftersom en private bank \u00e4r en relationsbusiness m\u00e5ste vi elda p\u00e5 utvecklingen av nya tj\u00e4nster \u00e4nnu mer \u2013 och hitta r\u00e4tt kombination av digital och relationell interaktion. H\u00e4r kan jag k\u00e4nna att kunderna ligger f\u00f6re oss. Vi har kommit l\u00e5ngt, men nu \u00e4r det en riktig pull. Fr\u00e5gan blir hur man ska balansera det. L\u00f6pande f\u00f6rm\u00f6genhetsf\u00f6rvaltning baseras p\u00e5 att vi k\u00e4nner kunden och kunden k\u00e4nner oss. I befintliga relationer tror jag inte att det blir n\u00e5got problem, men vilka tj\u00e4nster blir v\u00e4rdedrivande fram\u00e5t?<\/p>\n\n\n\n<p class=\"has-pb-blue-color has-text-color\" style=\"font-size:25px\"><strong><em>\u201dDet \u00e4r en sp\u00e4nnande resa att g\u00f6ra och det \u00e4r kul att vara mitt i den som bank, f\u00f6r vi \u00e4r ju en l\u00e4nk i samh\u00e4llet. Det kommer beh\u00f6va fattas en del modiga beslut, som r\u00f6r sig inte bara mot n\u00e4sta kvartal \u2013&nbsp;utan mot vilken v\u00e4rld vi vill ha. Det kommer finnas mycket att prata med kunderna om\u2026\u201d<\/em><\/strong><\/p>\n\n\n\n<p>Ninni Franceschi \u00e4r p\u00e5 hemmaplan n\u00e4r det kommer till digitaliseringsutmaningar. Ett tidigt uppdrag p\u00e5 banken, d\u00e5varande Merita-Nordbanken, var n\u00e4mligen att utveckla bankens allra f\u00f6rsta hemsida f\u00f6r portf\u00f6ljf\u00f6rvaltningen. Hon skrattar.<\/p>\n\n\n\n<p>\u2013 Jag pluggade webbproduktion parallellt, det h\u00e4r var verkligen i internets barndom. Kapitalf\u00f6rvaltningen hade en (1) dator i ett serverrum och en (1) mejladress. Jag uts\u00e5g mig sj\u00e4lv som ansvarig och var betrodd med mejlkorgen. Hade en underbar, utvecklande chef som gav mig utrymme, uppenbarligen.<\/p>\n\n\n\n<p>Men egentligen ville hon inte jobba i bank f\u00f6rst.<\/p>\n\n\n\n<figure class=\"wp-block-image size-large\"><img loading=\"lazy\" decoding=\"async\" width=\"1024\" height=\"684\" src=\"https:\/\/talk.nordea.se\/privatebanking\/wp-content\/uploads\/2021\/07\/6-dsc4805-web-1024x684.jpg\" alt=\"Ninni Franceschi\" class=\"wp-image-6131\" srcset=\"https:\/\/talk.nordea.se\/privatebanking\/wp-content\/uploads\/2021\/07\/6-dsc4805-web-1024x684.jpg 1024w, https:\/\/talk.nordea.se\/privatebanking\/wp-content\/uploads\/2021\/07\/6-dsc4805-web-300x200.jpg 300w, https:\/\/talk.nordea.se\/privatebanking\/wp-content\/uploads\/2021\/07\/6-dsc4805-web-768x513.jpg 768w, https:\/\/talk.nordea.se\/privatebanking\/wp-content\/uploads\/2021\/07\/6-dsc4805-web-240x160.jpg 240w, https:\/\/talk.nordea.se\/privatebanking\/wp-content\/uploads\/2021\/07\/6-dsc4805-web-526x351.jpg 526w, https:\/\/talk.nordea.se\/privatebanking\/wp-content\/uploads\/2021\/07\/6-dsc4805-web-720x481.jpg 720w, https:\/\/talk.nordea.se\/privatebanking\/wp-content\/uploads\/2021\/07\/6-dsc4805-web-960x641.jpg 960w, https:\/\/talk.nordea.se\/privatebanking\/wp-content\/uploads\/2021\/07\/6-dsc4805-web.jpg 1080w\" sizes=\"auto, (max-width: 1024px) 100vw, 1024px\" \/><figcaption>Private Banking handlar om att bygga relationer och att l\u00e4ra k\u00e4nna kunderna. D\u00e4rf\u00f6r jobbar Ninni Franceschi och hennes medarbetare febrilt med att ta fram nya attraktiva tj\u00e4nster. <\/figcaption><\/figure>\n\n\n\n<p>\u2013 Jag hade ett stort konstintresse som ung, ber\u00e4ttar hon. Men jag f\u00f6rstod att jag aldrig skulle bli en konstn\u00e4r som tj\u00e4nade pengar, s\u00e5 jag f\u00f6rs\u00f6kte ta en v\u00e4g som var konstn\u00e4rlig men som \u00e4nd\u00e5 kunde f\u00f6rs\u00f6rja mig. S\u00e5 jag illustrerade som frilans, jag h\u00f6ll p\u00e5 med \u00f6vers\u00e4ttningar av italienska barnfilmer, s\u00e5dana saker.<\/p>\n\n\n\n<p>\u2013 Sedan drev det alltmer mot marknadsfr\u00e5gor, kommunikation och webb. Jag jobbade p\u00e5 IKEA i Schweiz i n\u00e5gra \u00e5r, bland annat med deras utbildningsmaterial, och det var med liknande kommunikations- och supportfr\u00e5gor som jag kom in i banken. Jag m\u00e4rkte vilken rolig milj\u00f6 det var \u2013 p\u00e5 bank \u00e4r man i h\u00e4ndelsernas centrum.<\/p>\n\n\n\n<p>Som konstaterades inledningsvis \u00e4r hon i dag glad \u00f6ver den l\u00e5nga krokiga v\u00e4gen som hon tagit inom banken, fram till den nuvarande befattningen. Hon s\u00e4ger det inte sj\u00e4lv, men den breda erfarenheten fr\u00e5n m\u00e5nga omr\u00e5den g\u00f6r henne sannolikt extra l\u00e4mpad att leda i sv\u00e5ra tider, som under en pandemi.<\/p>\n\n\n\n<p>\u2013 N\u00e4r jag \u00e4r mentor \u00e5t yngre, n\u00e5got som jag tycker v\u00e4ldigt mycket om, brukar jag varna dem f\u00f6r att ha en alltf\u00f6r utstakad plan. Var \u00f6ppen f\u00f6r tillf\u00e4llen, s\u00e4ger jag, \u00e4ven om de visar sig g\u00e5 i sidled. \u00c4r det vad som utvecklar dig mest s\u00e5 g\u00e5 dit. Det gjorde jag och here I am.<\/p>\n\n\n\n<p>Och hur var det nu med den d\u00e4r tavlan bakom henne p\u00e5 hemmakontoret?<\/p>\n\n\n\n<p>\u2013 Det \u00e4r min dotter som har gjort den, s\u00e4ger hon och skrattar. Hon \u00e4r mer beg\u00e5vad \u00e4n vad jag n\u00e5gonsin har varit. Numera kluddar jag mest. Men jag har fortfarande konsten med mig som j\u00e4ttestort intresse, \u00e4ven p\u00e5 jobbet.<\/p>\n\n\n\n<p class=\"has-small-font-size\"><strong>Text: <\/strong>Niklas Wahll\u00f6f  <strong>Foto: <\/strong>Karl Nordlund<\/p>\n","protected":false},"excerpt":{"rendered":"<p>Pandemin blev Ninni Franceschis sv\u00e5raste utmaning, b\u00e5de internt och mot kunderna. Men den f\u00f6rde ocks\u00e5 med sig en rad nya insikter och l\u00e4rdomar som g\u00f6r att Private Banking st\u00e5r starkare \u00e4n n\u00e5gonsin inf\u00f6r framtiden. <\/p>\n","protected":false},"author":2,"featured_media":6126,"comment_status":"closed","ping_status":"closed","sticky":false,"template":"","format":"standard","meta":{"_acf_changed":false,"footnotes":""},"categories":[8],"tags":[28,14],"class_list":["post-6125","post","type-post","status-publish","format-standard","has-post-thumbnail","hentry","category-personligt","tag-nordea","tag-personligt"],"acf":[],"yoast_head":"<!-- This site is optimized with the Yoast SEO plugin v27.4 - https:\/\/yoast.com\/product\/yoast-seo-wordpress\/ -->\n<title>N\u00e4r v\u00e4rlden sk\u00e4lvde - Talk with Nordea Private Banking<\/title>\n<meta name=\"description\" content=\"Pandemin blev Ninni Franceschis sv\u00e5raste utmaning, b\u00e5de internt och mot kunderna. Men den f\u00f6rde ocks\u00e5 med sig en rad nya insikter och l\u00e4rdomar som g\u00f6r att Private Banking st\u00e5r starkare \u00e4n n\u00e5gonsin inf\u00f6r framtiden.\" \/>\n<meta name=\"robots\" content=\"index, follow, max-snippet:-1, max-image-preview:large, max-video-preview:-1\" \/>\n<link rel=\"canonical\" href=\"https:\/\/talk.nordea.se\/privatebanking\/nar-varlden-skalvde\/\" \/>\n<meta property=\"og:locale\" content=\"sv_SE\" \/>\n<meta property=\"og:type\" content=\"article\" \/>\n<meta property=\"og:title\" content=\"N\u00e4r v\u00e4rlden sk\u00e4lvde - Talk with Nordea Private Banking\" \/>\n<meta property=\"og:description\" content=\"Pandemin blev Ninni Franceschis sv\u00e5raste utmaning, b\u00e5de internt och mot kunderna. Men den f\u00f6rde ocks\u00e5 med sig en rad nya insikter och l\u00e4rdomar som g\u00f6r att Private Banking st\u00e5r starkare \u00e4n n\u00e5gonsin inf\u00f6r framtiden.\" \/>\n<meta property=\"og:url\" content=\"https:\/\/talk.nordea.se\/privatebanking\/nar-varlden-skalvde\/\" \/>\n<meta property=\"og:site_name\" content=\"Talk with Nordea Private Banking\" \/>\n<meta property=\"article:published_time\" content=\"2021-07-01T17:58:49+00:00\" \/>\n<meta property=\"article:modified_time\" content=\"2021-07-05T10:10:17+00:00\" \/>\n<meta property=\"og:image\" content=\"https:\/\/talk.nordea.se\/privatebanking\/wp-content\/uploads\/2021\/07\/1-dsc4980-web.jpg\" \/>\n\t<meta property=\"og:image:width\" content=\"1080\" \/>\n\t<meta property=\"og:image:height\" content=\"721\" \/>\n\t<meta property=\"og:image:type\" content=\"image\/jpeg\" \/>\n<meta name=\"author\" content=\"kairistila\" \/>\n<meta name=\"twitter:card\" content=\"summary_large_image\" \/>\n<meta name=\"twitter:label1\" content=\"Skriven av\" \/>\n\t<meta name=\"twitter:data1\" content=\"kairistila\" \/>\n\t<meta name=\"twitter:label2\" content=\"Ber\u00e4knad l\u00e4stid\" \/>\n\t<meta name=\"twitter:data2\" content=\"9 minuter\" \/>\n<script type=\"application\/ld+json\" class=\"yoast-schema-graph\">{\"@context\":\"https:\\\/\\\/schema.org\",\"@graph\":[{\"@type\":\"Article\",\"@id\":\"https:\\\/\\\/talk.nordea.se\\\/privatebanking\\\/nar-varlden-skalvde\\\/#article\",\"isPartOf\":{\"@id\":\"https:\\\/\\\/talk.nordea.se\\\/privatebanking\\\/nar-varlden-skalvde\\\/\"},\"author\":{\"name\":\"kairistila\",\"@id\":\"https:\\\/\\\/talk.nordea.se\\\/privatebanking\\\/#\\\/schema\\\/person\\\/43e0be4ffef10b914d4ee31d1c384b60\"},\"headline\":\"N\u00e4r v\u00e4rlden sk\u00e4lvde\",\"datePublished\":\"2021-07-01T17:58:49+00:00\",\"dateModified\":\"2021-07-05T10:10:17+00:00\",\"mainEntityOfPage\":{\"@id\":\"https:\\\/\\\/talk.nordea.se\\\/privatebanking\\\/nar-varlden-skalvde\\\/\"},\"wordCount\":2143,\"image\":{\"@id\":\"https:\\\/\\\/talk.nordea.se\\\/privatebanking\\\/nar-varlden-skalvde\\\/#primaryimage\"},\"thumbnailUrl\":\"https:\\\/\\\/talk.nordea.se\\\/privatebanking\\\/wp-content\\\/uploads\\\/2021\\\/07\\\/1-dsc4980-web.jpg\",\"keywords\":[\"nordea\",\"Personligt\"],\"articleSection\":[\"Personligt\"],\"inLanguage\":\"sv-SE\"},{\"@type\":\"WebPage\",\"@id\":\"https:\\\/\\\/talk.nordea.se\\\/privatebanking\\\/nar-varlden-skalvde\\\/\",\"url\":\"https:\\\/\\\/talk.nordea.se\\\/privatebanking\\\/nar-varlden-skalvde\\\/\",\"name\":\"N\u00e4r v\u00e4rlden sk\u00e4lvde - Talk with Nordea Private Banking\",\"isPartOf\":{\"@id\":\"https:\\\/\\\/talk.nordea.se\\\/privatebanking\\\/#website\"},\"primaryImageOfPage\":{\"@id\":\"https:\\\/\\\/talk.nordea.se\\\/privatebanking\\\/nar-varlden-skalvde\\\/#primaryimage\"},\"image\":{\"@id\":\"https:\\\/\\\/talk.nordea.se\\\/privatebanking\\\/nar-varlden-skalvde\\\/#primaryimage\"},\"thumbnailUrl\":\"https:\\\/\\\/talk.nordea.se\\\/privatebanking\\\/wp-content\\\/uploads\\\/2021\\\/07\\\/1-dsc4980-web.jpg\",\"datePublished\":\"2021-07-01T17:58:49+00:00\",\"dateModified\":\"2021-07-05T10:10:17+00:00\",\"author\":{\"@id\":\"https:\\\/\\\/talk.nordea.se\\\/privatebanking\\\/#\\\/schema\\\/person\\\/43e0be4ffef10b914d4ee31d1c384b60\"},\"description\":\"Pandemin blev Ninni Franceschis sv\u00e5raste utmaning, b\u00e5de internt och mot kunderna. Men den f\u00f6rde ocks\u00e5 med sig en rad nya insikter och l\u00e4rdomar som g\u00f6r att Private Banking st\u00e5r starkare \u00e4n n\u00e5gonsin inf\u00f6r framtiden.\",\"breadcrumb\":{\"@id\":\"https:\\\/\\\/talk.nordea.se\\\/privatebanking\\\/nar-varlden-skalvde\\\/#breadcrumb\"},\"inLanguage\":\"sv-SE\",\"potentialAction\":[{\"@type\":\"ReadAction\",\"target\":[\"https:\\\/\\\/talk.nordea.se\\\/privatebanking\\\/nar-varlden-skalvde\\\/\"]}]},{\"@type\":\"ImageObject\",\"inLanguage\":\"sv-SE\",\"@id\":\"https:\\\/\\\/talk.nordea.se\\\/privatebanking\\\/nar-varlden-skalvde\\\/#primaryimage\",\"url\":\"https:\\\/\\\/talk.nordea.se\\\/privatebanking\\\/wp-content\\\/uploads\\\/2021\\\/07\\\/1-dsc4980-web.jpg\",\"contentUrl\":\"https:\\\/\\\/talk.nordea.se\\\/privatebanking\\\/wp-content\\\/uploads\\\/2021\\\/07\\\/1-dsc4980-web.jpg\",\"width\":1080,\"height\":721,\"caption\":\"Ninni Franceschi, chef f\u00f6r Nordea Private Banking Sverige, ser tillbaka p\u00e5 ett turbulent f\u00f6rsta halv\u00e5r \u2013 men det finns ocks\u00e5 positiva nyheter.\"},{\"@type\":\"BreadcrumbList\",\"@id\":\"https:\\\/\\\/talk.nordea.se\\\/privatebanking\\\/nar-varlden-skalvde\\\/#breadcrumb\",\"itemListElement\":[{\"@type\":\"ListItem\",\"position\":1,\"name\":\"Home\",\"item\":\"https:\\\/\\\/talk.nordea.se\\\/privatebanking\\\/\"},{\"@type\":\"ListItem\",\"position\":2,\"name\":\"N\u00e4r v\u00e4rlden sk\u00e4lvde\"}]},{\"@type\":\"WebSite\",\"@id\":\"https:\\\/\\\/talk.nordea.se\\\/privatebanking\\\/#website\",\"url\":\"https:\\\/\\\/talk.nordea.se\\\/privatebanking\\\/\",\"name\":\"Talk with Nordea Private Banking\",\"description\":\"\",\"potentialAction\":[{\"@type\":\"SearchAction\",\"target\":{\"@type\":\"EntryPoint\",\"urlTemplate\":\"https:\\\/\\\/talk.nordea.se\\\/privatebanking\\\/?s={search_term_string}\"},\"query-input\":{\"@type\":\"PropertyValueSpecification\",\"valueRequired\":true,\"valueName\":\"search_term_string\"}}],\"inLanguage\":\"sv-SE\"},{\"@type\":\"Person\",\"@id\":\"https:\\\/\\\/talk.nordea.se\\\/privatebanking\\\/#\\\/schema\\\/person\\\/43e0be4ffef10b914d4ee31d1c384b60\",\"name\":\"kairistila\",\"image\":{\"@type\":\"ImageObject\",\"inLanguage\":\"sv-SE\",\"@id\":\"https:\\\/\\\/secure.gravatar.com\\\/avatar\\\/682d8aa364d89eb8cf10e1b8eceb8da43ac690bb420244e825e55e75b444beea?s=96&d=mm&r=g\",\"url\":\"https:\\\/\\\/secure.gravatar.com\\\/avatar\\\/682d8aa364d89eb8cf10e1b8eceb8da43ac690bb420244e825e55e75b444beea?s=96&d=mm&r=g\",\"contentUrl\":\"https:\\\/\\\/secure.gravatar.com\\\/avatar\\\/682d8aa364d89eb8cf10e1b8eceb8da43ac690bb420244e825e55e75b444beea?s=96&d=mm&r=g\",\"caption\":\"kairistila\"},\"url\":\"https:\\\/\\\/talk.nordea.se\\\/privatebanking\\\/author\\\/kairistila\\\/\"}]}<\/script>\n<!-- \/ Yoast SEO plugin. -->","yoast_head_json":{"title":"N\u00e4r v\u00e4rlden sk\u00e4lvde - Talk with Nordea Private Banking","description":"Pandemin blev Ninni Franceschis sv\u00e5raste utmaning, b\u00e5de internt och mot kunderna. Men den f\u00f6rde ocks\u00e5 med sig en rad nya insikter och l\u00e4rdomar som g\u00f6r att Private Banking st\u00e5r starkare \u00e4n n\u00e5gonsin inf\u00f6r framtiden.","robots":{"index":"index","follow":"follow","max-snippet":"max-snippet:-1","max-image-preview":"max-image-preview:large","max-video-preview":"max-video-preview:-1"},"canonical":"https:\/\/talk.nordea.se\/privatebanking\/nar-varlden-skalvde\/","og_locale":"sv_SE","og_type":"article","og_title":"N\u00e4r v\u00e4rlden sk\u00e4lvde - Talk with Nordea Private Banking","og_description":"Pandemin blev Ninni Franceschis sv\u00e5raste utmaning, b\u00e5de internt och mot kunderna. Men den f\u00f6rde ocks\u00e5 med sig en rad nya insikter och l\u00e4rdomar som g\u00f6r att Private Banking st\u00e5r starkare \u00e4n n\u00e5gonsin inf\u00f6r framtiden.","og_url":"https:\/\/talk.nordea.se\/privatebanking\/nar-varlden-skalvde\/","og_site_name":"Talk with Nordea Private Banking","article_published_time":"2021-07-01T17:58:49+00:00","article_modified_time":"2021-07-05T10:10:17+00:00","og_image":[{"width":1080,"height":721,"url":"https:\/\/talk.nordea.se\/privatebanking\/wp-content\/uploads\/2021\/07\/1-dsc4980-web.jpg","type":"image\/jpeg"}],"author":"kairistila","twitter_card":"summary_large_image","twitter_misc":{"Skriven av":"kairistila","Ber\u00e4knad l\u00e4stid":"9 minuter"},"schema":{"@context":"https:\/\/schema.org","@graph":[{"@type":"Article","@id":"https:\/\/talk.nordea.se\/privatebanking\/nar-varlden-skalvde\/#article","isPartOf":{"@id":"https:\/\/talk.nordea.se\/privatebanking\/nar-varlden-skalvde\/"},"author":{"name":"kairistila","@id":"https:\/\/talk.nordea.se\/privatebanking\/#\/schema\/person\/43e0be4ffef10b914d4ee31d1c384b60"},"headline":"N\u00e4r v\u00e4rlden sk\u00e4lvde","datePublished":"2021-07-01T17:58:49+00:00","dateModified":"2021-07-05T10:10:17+00:00","mainEntityOfPage":{"@id":"https:\/\/talk.nordea.se\/privatebanking\/nar-varlden-skalvde\/"},"wordCount":2143,"image":{"@id":"https:\/\/talk.nordea.se\/privatebanking\/nar-varlden-skalvde\/#primaryimage"},"thumbnailUrl":"https:\/\/talk.nordea.se\/privatebanking\/wp-content\/uploads\/2021\/07\/1-dsc4980-web.jpg","keywords":["nordea","Personligt"],"articleSection":["Personligt"],"inLanguage":"sv-SE"},{"@type":"WebPage","@id":"https:\/\/talk.nordea.se\/privatebanking\/nar-varlden-skalvde\/","url":"https:\/\/talk.nordea.se\/privatebanking\/nar-varlden-skalvde\/","name":"N\u00e4r v\u00e4rlden sk\u00e4lvde - Talk with Nordea Private Banking","isPartOf":{"@id":"https:\/\/talk.nordea.se\/privatebanking\/#website"},"primaryImageOfPage":{"@id":"https:\/\/talk.nordea.se\/privatebanking\/nar-varlden-skalvde\/#primaryimage"},"image":{"@id":"https:\/\/talk.nordea.se\/privatebanking\/nar-varlden-skalvde\/#primaryimage"},"thumbnailUrl":"https:\/\/talk.nordea.se\/privatebanking\/wp-content\/uploads\/2021\/07\/1-dsc4980-web.jpg","datePublished":"2021-07-01T17:58:49+00:00","dateModified":"2021-07-05T10:10:17+00:00","author":{"@id":"https:\/\/talk.nordea.se\/privatebanking\/#\/schema\/person\/43e0be4ffef10b914d4ee31d1c384b60"},"description":"Pandemin blev Ninni Franceschis sv\u00e5raste utmaning, b\u00e5de internt och mot kunderna. Men den f\u00f6rde ocks\u00e5 med sig en rad nya insikter och l\u00e4rdomar som g\u00f6r att Private Banking st\u00e5r starkare \u00e4n n\u00e5gonsin inf\u00f6r framtiden.","breadcrumb":{"@id":"https:\/\/talk.nordea.se\/privatebanking\/nar-varlden-skalvde\/#breadcrumb"},"inLanguage":"sv-SE","potentialAction":[{"@type":"ReadAction","target":["https:\/\/talk.nordea.se\/privatebanking\/nar-varlden-skalvde\/"]}]},{"@type":"ImageObject","inLanguage":"sv-SE","@id":"https:\/\/talk.nordea.se\/privatebanking\/nar-varlden-skalvde\/#primaryimage","url":"https:\/\/talk.nordea.se\/privatebanking\/wp-content\/uploads\/2021\/07\/1-dsc4980-web.jpg","contentUrl":"https:\/\/talk.nordea.se\/privatebanking\/wp-content\/uploads\/2021\/07\/1-dsc4980-web.jpg","width":1080,"height":721,"caption":"Ninni Franceschi, chef f\u00f6r Nordea Private Banking Sverige, ser tillbaka p\u00e5 ett turbulent f\u00f6rsta halv\u00e5r \u2013 men det finns ocks\u00e5 positiva nyheter."},{"@type":"BreadcrumbList","@id":"https:\/\/talk.nordea.se\/privatebanking\/nar-varlden-skalvde\/#breadcrumb","itemListElement":[{"@type":"ListItem","position":1,"name":"Home","item":"https:\/\/talk.nordea.se\/privatebanking\/"},{"@type":"ListItem","position":2,"name":"N\u00e4r v\u00e4rlden sk\u00e4lvde"}]},{"@type":"WebSite","@id":"https:\/\/talk.nordea.se\/privatebanking\/#website","url":"https:\/\/talk.nordea.se\/privatebanking\/","name":"Talk with Nordea Private Banking","description":"","potentialAction":[{"@type":"SearchAction","target":{"@type":"EntryPoint","urlTemplate":"https:\/\/talk.nordea.se\/privatebanking\/?s={search_term_string}"},"query-input":{"@type":"PropertyValueSpecification","valueRequired":true,"valueName":"search_term_string"}}],"inLanguage":"sv-SE"},{"@type":"Person","@id":"https:\/\/talk.nordea.se\/privatebanking\/#\/schema\/person\/43e0be4ffef10b914d4ee31d1c384b60","name":"kairistila","image":{"@type":"ImageObject","inLanguage":"sv-SE","@id":"https:\/\/secure.gravatar.com\/avatar\/682d8aa364d89eb8cf10e1b8eceb8da43ac690bb420244e825e55e75b444beea?s=96&d=mm&r=g","url":"https:\/\/secure.gravatar.com\/avatar\/682d8aa364d89eb8cf10e1b8eceb8da43ac690bb420244e825e55e75b444beea?s=96&d=mm&r=g","contentUrl":"https:\/\/secure.gravatar.com\/avatar\/682d8aa364d89eb8cf10e1b8eceb8da43ac690bb420244e825e55e75b444beea?s=96&d=mm&r=g","caption":"kairistila"},"url":"https:\/\/talk.nordea.se\/privatebanking\/author\/kairistila\/"}]}},"_links":{"self":[{"href":"https:\/\/talk.nordea.se\/privatebanking\/wp-json\/wp\/v2\/posts\/6125","targetHints":{"allow":["GET"]}}],"collection":[{"href":"https:\/\/talk.nordea.se\/privatebanking\/wp-json\/wp\/v2\/posts"}],"about":[{"href":"https:\/\/talk.nordea.se\/privatebanking\/wp-json\/wp\/v2\/types\/post"}],"author":[{"embeddable":true,"href":"https:\/\/talk.nordea.se\/privatebanking\/wp-json\/wp\/v2\/users\/2"}],"replies":[{"embeddable":true,"href":"https:\/\/talk.nordea.se\/privatebanking\/wp-json\/wp\/v2\/comments?post=6125"}],"version-history":[{"count":17,"href":"https:\/\/talk.nordea.se\/privatebanking\/wp-json\/wp\/v2\/posts\/6125\/revisions"}],"predecessor-version":[{"id":6156,"href":"https:\/\/talk.nordea.se\/privatebanking\/wp-json\/wp\/v2\/posts\/6125\/revisions\/6156"}],"wp:featuredmedia":[{"embeddable":true,"href":"https:\/\/talk.nordea.se\/privatebanking\/wp-json\/wp\/v2\/media\/6126"}],"wp:attachment":[{"href":"https:\/\/talk.nordea.se\/privatebanking\/wp-json\/wp\/v2\/media?parent=6125"}],"wp:term":[{"taxonomy":"category","embeddable":true,"href":"https:\/\/talk.nordea.se\/privatebanking\/wp-json\/wp\/v2\/categories?post=6125"},{"taxonomy":"post_tag","embeddable":true,"href":"https:\/\/talk.nordea.se\/privatebanking\/wp-json\/wp\/v2\/tags?post=6125"}],"curies":[{"name":"wp","href":"https:\/\/api.w.org\/{rel}","templated":true}]}}