




{"id":3818,"date":"2020-09-04T19:16:38","date_gmt":"2020-09-04T17:16:38","guid":{"rendered":"https:\/\/talk.nordea.se\/privatebanking\/?p=3818"},"modified":"2020-09-30T12:18:37","modified_gmt":"2020-09-30T10:18:37","slug":"arligt-talat","status":"publish","type":"post","link":"https:\/\/talk.nordea.se\/privatebanking\/arligt-talat\/","title":{"rendered":"\u00c4rligt talat"},"content":{"rendered":"\n<p>Efter tolv \u00e5r som Nordeas chefekonom torde Annika Winsth vara ett bekant ansikte f\u00f6r de flesta svenskar. Hennes rappa och pedagogiska analyser har gjort henne till en efterfr\u00e5gad g\u00e4st i tv-sofforna. Det \u00e4r ofta henne tidningsredaktionerna ringer f\u00f6rst n\u00e4r de vill ha en kommentar till en dagsaktuell h\u00e4ndelse och hur det kommer att p\u00e5verka svenskarnas ekonomi. Journalisterna vet vid det h\u00e4r laget att Annika Winsth \u00e4r bra p\u00e5 att f\u00f6rklara komplexa&nbsp;ekonomiska h\u00e4ndelser och alltid \u00e4r tydlig med vad hon tycker.<\/p>\n\n\n\n<p><strong>Vad \u00e4r det du gillar mest med ditt jobb?<\/strong><\/p>\n\n\n\n<p>\u2013 Friheten! Som chefekonom har jag en uttalat fri roll och kan f\u00f6rdjupa mig i och s\u00e4ga min mening om allt fr\u00e5n finanspolitik till konjunkturen och r\u00e4ntan. Det \u00e4r en v\u00e4ldigt privilegierad roll, d\u00e4r jag f\u00e5r m\u00f6jlighet att tr\u00e4ffa f\u00f6retagsledare, politiker och experter och diskutera fr\u00e5gor som jag brinner f\u00f6r.<\/p>\n\n\n\n<figure class=\"wp-block-image size-large\"><img loading=\"lazy\" decoding=\"async\" width=\"960\" height=\"640\" src=\"https:\/\/talk.nordea.se\/privatebanking\/wp-content\/uploads\/2020\/09\/2-dsc6697.jpg\" alt=\"\" class=\"wp-image-3812\" srcset=\"https:\/\/talk.nordea.se\/privatebanking\/wp-content\/uploads\/2020\/09\/2-dsc6697.jpg 960w, https:\/\/talk.nordea.se\/privatebanking\/wp-content\/uploads\/2020\/09\/2-dsc6697-300x200.jpg 300w, https:\/\/talk.nordea.se\/privatebanking\/wp-content\/uploads\/2020\/09\/2-dsc6697-768x512.jpg 768w, https:\/\/talk.nordea.se\/privatebanking\/wp-content\/uploads\/2020\/09\/2-dsc6697-240x160.jpg 240w, https:\/\/talk.nordea.se\/privatebanking\/wp-content\/uploads\/2020\/09\/2-dsc6697-526x351.jpg 526w, https:\/\/talk.nordea.se\/privatebanking\/wp-content\/uploads\/2020\/09\/2-dsc6697-720x480.jpg 720w\" sizes=\"auto, (max-width: 960px) 100vw, 960px\" \/><\/figure>\n\n\n\n\n\n<figure id=\"fact-box-block_5f5270b1bb7cf\" class=\"text-box testimonial \">\n            <h3>Annika Winsth<\/h3>\n    <p><strong>F\u00f6dd:<\/strong> 1968 i Lund.<\/p>\n<p><strong>Bor:<\/strong> Villa i s\u00f6dra Stockholm.<\/p>\n<p><strong>Familj:<\/strong> Ja.<\/p>\n<p><strong>Utbildning:<\/strong> Tog examen fr\u00e5n f\u00f6rvaltningslinjen vid Lunds universitet 1992.<\/p>\n<p><strong>Karri\u00e4r:<\/strong> Medarbetare i l\u00e5ngtidsutredningen p\u00e5 Finansdepartementet 1994. B\u00f6rjade som assistent och junioranalytiker p\u00e5 Nordbanken, numera Nordea, 1994, ekonomiska sekretariatet p\u00e5 Nordbanken (numera Nordea) 1994-2002, chefsanalytiker p\u00e5 Nordea Markets 2002\u20132008, chefekonom p\u00e5 Nordea sedan 2008.<\/p>\n<p><strong>Externa uppdrag:<\/strong> Vice ordf\u00f6rande i styrelsen f\u00f6r Lunds Universitet, styrelsen f\u00f6r Utrikespolitiska Institutet samt i Hans Dalborgs stiftelse f\u00f6r bank- och finansforskning.<\/p>\n<p><strong>Utm\u00e4rkelser:<\/strong> 2012 uts\u00e5gs hon till &#8221;\u00c5rets bankprofil&#8221; av tidningen\u00a0Privata Aff\u00e4rer\u00a0och 2018 blev hon hedersdoktor vid Ekonomih\u00f6gskolan Lunds Universitet.<\/p>\n<p><strong>Om det passande efternamnet Winsth:<\/strong> \u201dDet gifte jag mig till l\u00e5ngt innan jag visste att jag skulle jobba p\u00e5 bank.\u201d<\/p>\n    <\/figure>\n\n\n\n<p><strong>Har du alltid varit intresserad av ekonomi och de stora sammanhangen?<\/strong><\/p>\n\n\n\n<p>\u2013 Jag har alltid haft ett stort samh\u00e4llsintresse. N\u00e4r jag v\u00e4xte upp var det st\u00e4ndiga diskussioner om samh\u00e4llsfr\u00e5gor runt middagsbordet i min familj hemma i Sm\u00e5land, och tidigt best\u00e4mde jag mig f\u00f6r att det var det jag ville jobba med. P\u00e5 universitetet studerade jag f\u00f6rvaltningslinjen, en kombination av ekonomi och statskunskap och jag valde inriktning mot nationalekonomi. Om jag m\u00e5ste v\u00e4lja mellan finansiell ekonomi och politik, s\u00e5 st\u00e5r politiken mig n\u00e4rmast. D\u00e4r skiljer jag mig m\u00f6jligen fr\u00e5n de flesta andra p\u00e5 finansmarknaden.<\/p>\n\n\n\n<p>Annika Winsth har arbetat p\u00e5 Nordea n\u00e4stan hela sitt yrkesliv. Men karri\u00e4ren var minst sagt tr\u00f6gstartad. N\u00e4r Annika Winsth tog sin examen fr\u00e5n Lunds universitet 1992 var Sverige inne i en djup l\u00e5gkonjunktur och massarbetsl\u00f6shet r\u00e5dde i landet.<\/p>\n\n\n\n<p>\u2013 Jag s\u00f6kte jobb under n\u00e4rmare ett \u00e5r utan lycka. Ofta blev jag inte ens kallad till intervju, eller s\u00e5 fick jag veta att jag var \u00f6verkvalificerad f\u00f6r tj\u00e4nsten. Jag var v\u00e4ldigt sugen p\u00e5 att b\u00f6rja jobba och tyckte att jag hade massor att ge, men jag fick inte chansen att visa vad jag kunde. Det var min f\u00f6rsta stora motg\u00e5ng i livet. Under det d\u00e4r \u00e5ret jobbade jag extra som v\u00e5rdbitr\u00e4de och l\u00e4ste str\u00f6kurser p\u00e5 universitet. Det var en extremt frustrerande tid, men s\u00e5 h\u00e4r i efterhand var det en bra erfarenhet.<\/p>\n\n\n\n<p><strong>P\u00e5 vilket s\u00e4tt?<\/strong><\/p>\n\n\n\n<p>\u2013 Jag l\u00e4rde mig att bli mer \u00f6dmjuk inf\u00f6r att vi inte sj\u00e4lva styr allt, att inte ge upp och att det \u00e4r mycket tufft att inte vara beh\u00f6vd. N\u00e4r jag f\u00f6rel\u00e4ser f\u00f6r studenter brukar jag ber\u00e4tta om mitt f\u00f6rsta \u00e5r som arbetss\u00f6kande. Dagens unga m\u00f6ter ocks\u00e5 en tuff och utmanande arbetsmarknad. P\u00e5 Nordea letar vi efter m\u00e4nniskor som verkligen brinner f\u00f6r det de vill. Mitt r\u00e5d till dem \u00e4r: ge inte upp! Jag tjatade mig till mitt f\u00f6rsta jobb, och det byggde hela min karri\u00e4r.<\/p>\n\n\n\n<figure class=\"wp-block-image size-large\"><img loading=\"lazy\" decoding=\"async\" width=\"960\" height=\"640\" src=\"https:\/\/talk.nordea.se\/privatebanking\/wp-content\/uploads\/2020\/09\/3-dsc6649.jpg\" alt=\"\" class=\"wp-image-3813\" srcset=\"https:\/\/talk.nordea.se\/privatebanking\/wp-content\/uploads\/2020\/09\/3-dsc6649.jpg 960w, https:\/\/talk.nordea.se\/privatebanking\/wp-content\/uploads\/2020\/09\/3-dsc6649-300x200.jpg 300w, https:\/\/talk.nordea.se\/privatebanking\/wp-content\/uploads\/2020\/09\/3-dsc6649-768x512.jpg 768w, https:\/\/talk.nordea.se\/privatebanking\/wp-content\/uploads\/2020\/09\/3-dsc6649-240x160.jpg 240w, https:\/\/talk.nordea.se\/privatebanking\/wp-content\/uploads\/2020\/09\/3-dsc6649-526x351.jpg 526w, https:\/\/talk.nordea.se\/privatebanking\/wp-content\/uploads\/2020\/09\/3-dsc6649-720x480.jpg 720w\" sizes=\"auto, (max-width: 960px) 100vw, 960px\" \/><figcaption>P\u00e5 kort sikt \u00e4r Annika Winsth optimistisk \u00f6ver ekonomin, d\u00e4remot ser det lite dystrare ut p\u00e5 l\u00e4ngre sikt.<\/figcaption><\/figure>\n\n\n\n<p><strong>Hur gick det till?<\/strong><\/p>\n\n\n\n<p>\u2013 Jag hade s\u00f6kt en tj\u00e4nst p\u00e5 Finansdepartementet, men missat den intervjutid jag f\u00e5tt d\u00e5 jag var p\u00e5 resa \u00f6ver jul. N\u00e4r jag kom hem hade ans\u00f6kningstiden g\u00e5tt ut, men d\u00e5 ringde jag chefen och bad om att f\u00e5 en ny intervjutid. N\u00e4r vi bara var tv\u00e5 kvar i rekryteringsprocessen blev jag bortvald. D\u00e5 ringde jag upp chefen igen och bad honom att ta oss b\u00e5da tv\u00e5. Jag lovade \u201dspringa snabbt f\u00f6r en billig peng\u201d. Och till min lycka gick han med p\u00e5 det.<\/p>\n\n\n\n<p><strong>Vad l\u00e4rde du dig p\u00e5 Finansdepartementet?<\/strong><\/p>\n\n\n\n<p>\u2013 Att jobba p\u00e5 Finansdepartementet \u00e4r lite som en AT-tj\u00e4nst f\u00f6r oss makroekonomer. Du l\u00e4r dig grunderna om hur statsfinanserna fungerar, du f\u00e5r jobba med otroligt kompetenta kollegor och du f\u00e5r ett fantastiskt kontaktn\u00e4t n\u00e4r alla kollegor sedan sprids ut i finansv\u00e4rlden.<\/p>\n\n\n\n<p class=\"has-pb-blue-color has-text-color\" style=\"font-size:25px\"><strong><em>\u201dM\u00e5nga i finansbranschen kanske \u00e4r mer intresserade av siffrorna, men f\u00f6r mig blir siffrorna meningsl\u00f6sa om inte \u00e5h\u00f6rarna f\u00f6rst\u00e5r. Jag gillar m\u00e4nniskor, att utmana deras tankar och att ge folk aha-upplevelser.\u201d<\/em><\/strong><\/p>\n\n\n\n<p>Annika Winsth hade bara varit p\u00e5 Finansdepartementet ett \u00e5r n\u00e4r hon 1994 blev handplockad till Nordea, eller Nordbanken som banken hette d\u00e5, f\u00f6r en tj\u00e4nst som assistent till bankens d\u00e5varande chefekonomer Nils Lundgren och Olle Djerf. Hon kom snabbt att f\u00e5 ut\u00f6kade arbetsuppgifter; allt fr\u00e5n att g\u00f6ra grafer och skriva analyser till att h\u00e5lla i kundtr\u00e4ffar. Det blev klart f\u00f6r omgivningen att Annika Winsth var duktig p\u00e5 att analysera information \u2013 och att presentera sina slutsatser p\u00e5 ett begripligt s\u00e4tt.<\/p>\n\n\n\n<p>\u2013 M\u00e5nga i finansbranschen kanske \u00e4r mer intresserade av siffrorna, men f\u00f6r mig blir siffrorna meningsl\u00f6sa om inte \u00e5h\u00f6rarna f\u00f6rst\u00e5r. Jag gillar m\u00e4nniskor, att utmana deras tankar och att ge folk aha-upplevelser.<\/p>\n\n\n\n<p>Genom \u00e5ren fick Annika Winsth allt mer ansvar p\u00e5 banken. N\u00e4r hon tilldelades det prestigefulla uppdraget som bankens chefekonom h\u00f6sten 2008 fick hon ett tydligt mandat fr\u00e5n banken: att n\u00e5 ut mer.<\/p>\n\n\n\n<p>\u2013 Nordea var duktiga p\u00e5 analys och vi var Nordens st\u00f6rsta bank, men det fick inte genomslag i media eller hos kunderna. Min uppgift blev att ge banken en profil, att ta plats i debatten och visa p\u00e5 Nordeas kompetens.<\/p>\n\n\n\n<p>Vid det laget hade redan Annika Winsth gjort ett rej\u00e4lt avtryck. V\u00e5ren 2008, d\u00e5 b\u00f6rsen stigit kraftigt flera \u00e5r i rad och Annika Winsth hade rollen som chefanalytiker p\u00e5 Nordea, gick hon ut som talesperson f\u00f6r Nordea och varnade f\u00f6r riskerna med v\u00e4rldsl\u00e4get och f\u00f6rutsp\u00e5dde betydligt s\u00e4mre tider.<\/p>\n\n\n\n<figure class=\"wp-block-image size-large\"><img loading=\"lazy\" decoding=\"async\" width=\"960\" height=\"640\" src=\"https:\/\/talk.nordea.se\/privatebanking\/wp-content\/uploads\/2020\/09\/4-dsc7068.jpg\" alt=\"\" class=\"wp-image-3814\" srcset=\"https:\/\/talk.nordea.se\/privatebanking\/wp-content\/uploads\/2020\/09\/4-dsc7068.jpg 960w, https:\/\/talk.nordea.se\/privatebanking\/wp-content\/uploads\/2020\/09\/4-dsc7068-300x200.jpg 300w, https:\/\/talk.nordea.se\/privatebanking\/wp-content\/uploads\/2020\/09\/4-dsc7068-768x512.jpg 768w, https:\/\/talk.nordea.se\/privatebanking\/wp-content\/uploads\/2020\/09\/4-dsc7068-240x160.jpg 240w, https:\/\/talk.nordea.se\/privatebanking\/wp-content\/uploads\/2020\/09\/4-dsc7068-526x351.jpg 526w, https:\/\/talk.nordea.se\/privatebanking\/wp-content\/uploads\/2020\/09\/4-dsc7068-720x480.jpg 720w\" sizes=\"auto, (max-width: 960px) 100vw, 960px\" \/><figcaption>Annika Winsth har inga problem med att g\u00e5 mot str\u00f6mmen, som 2008 n\u00e4r hon f\u00f6rutsp\u00e5dde b\u00f6rskraschen.<\/figcaption><\/figure>\n\n\n\n<p>\u2013 Det var en jobbig v\u00e5r, m\u00e5nga var irriterade p\u00e5 mig d\u00e5. F\u00f6retagsledare tyckte&nbsp;att jag s\u00e5g hj\u00e4rnsp\u00f6ken och att det b\u00e4ste vore om jag var tyst. Jag blev kallad motvallsk\u00e4rring och dysterkvist. \u00c4ven internt p\u00e5 banken fanns det de som ifr\u00e5gasatte mig. Men f\u00f6r mig var det uppenbart att n\u00e5got var fel i r\u00e4ntemarknaden och jag var tydlig med min syn och stod p\u00e5 mig.<\/p>\n\n\n\n<p>I september 2008 kollapsade Lehman Brothers och Annika Winsth blev omskriven i aff\u00e4rsmedia som \u201dhon som f\u00f6rutsp\u00e5dde finanskraschen\u201d. Samma h\u00f6st fick hon uppdraget att bli Nordeas chefekonom.<\/p>\n\n\n\n<p>\u2013 I efterhand har jag haft m\u00e5nga kunder som tackat mig. De s\u00e5lde tillg\u00e5ngar innan kraschen och tj\u00e4nade pengar p\u00e5 att f\u00f6lja mina r\u00e5d.<\/p>\n\n\n\n<p><strong>Vad f\u00e5r dig att v\u00e5ga g\u00e5 emot str\u00f6mmen?<\/strong><\/p>\n\n\n\n<p>\u2013 Det \u00e4r ingen sj\u00e4lv\u00e4ndam\u00e5l f\u00f6r mig att vara motvalls, men det \u00e4r heller inget jag skyr. Som ekonom \u00e4r det ju alltid l\u00e4ttast, eller \u00e5tminstone trevligast, att s\u00e4ga att \u201dallt kommer forts\u00e4tta upp\u00e5t\u201d. Det \u00e4r ju vad folk vill h\u00f6ra. Men det g\u00e5r emot min natur. Jag har alltid varit trygg i mig sj\u00e4lv och litat p\u00e5 mitt eget omd\u00f6me. Jag har inga problem att s\u00e4ga vad jag tycker n\u00e4r jag eller mina kollegor har gjort en ordentlig analys. Ibland kan banken ha ett annat basscenario \u00e4n vad jag tror p\u00e5, men d\u00e5 brukar jag komplettera det med att s\u00e4ga att jag har en annan \u00e5sikt. Hela min trov\u00e4rdighet ligger ju i att vara uppriktig. Jag \u00e4r likadan i privatlivet: jag f\u00e5r inte s\u00e4llan h\u00f6ra av mina v\u00e4nner att jag \u00e4r \u201df\u00f6r \u00e4rlig\u201d f\u00f6r att det ska vara bra f\u00f6r mig sj\u00e4lv.<\/p>\n\n\n\n<p><strong>\u00c4r du inte r\u00e4dd f\u00f6r att dina prognoser ska sl\u00e5 fel?<\/strong><\/p>\n\n\n\n<p>\u2013 Prognoser \u00e4r just prognoser, ingen kan med s\u00e4kerhet sia om framtiden. Med \u00e5ldern har jag l\u00e4rt mig att vara mer \u00f6dmjuk. Ingen kan allt, det \u00e4r dumt att uttala sig om det man inte kan och likas\u00e5 att vara bergs\u00e4ker. Jag har f\u00f6rst\u00e5s haft fel en massa g\u00e5nger.<\/p>\n\n\n\n<figure class=\"wp-block-image size-large\"><img loading=\"lazy\" decoding=\"async\" width=\"960\" height=\"640\" src=\"https:\/\/talk.nordea.se\/privatebanking\/wp-content\/uploads\/2020\/09\/5-dsc6726.jpg\" alt=\"\" class=\"wp-image-3815\" srcset=\"https:\/\/talk.nordea.se\/privatebanking\/wp-content\/uploads\/2020\/09\/5-dsc6726.jpg 960w, https:\/\/talk.nordea.se\/privatebanking\/wp-content\/uploads\/2020\/09\/5-dsc6726-300x200.jpg 300w, https:\/\/talk.nordea.se\/privatebanking\/wp-content\/uploads\/2020\/09\/5-dsc6726-768x512.jpg 768w, https:\/\/talk.nordea.se\/privatebanking\/wp-content\/uploads\/2020\/09\/5-dsc6726-240x160.jpg 240w, https:\/\/talk.nordea.se\/privatebanking\/wp-content\/uploads\/2020\/09\/5-dsc6726-526x351.jpg 526w, https:\/\/talk.nordea.se\/privatebanking\/wp-content\/uploads\/2020\/09\/5-dsc6726-720x480.jpg 720w\" sizes=\"auto, (max-width: 960px) 100vw, 960px\" \/><figcaption>Efter utbildningen var Annika Winsth arbetss\u00f6kande i ett \u00e5r innan hon fick jobb p\u00e5 Finansdepartementet. \u201dDet jobbet lyckades jag tjata mig till.\u00ab<\/figcaption><\/figure>\n\n\n\n<p><strong>Har du alltid varit duktig p\u00e5 att prata inf\u00f6r folk?<\/strong><\/p>\n\n\n\n<p>\u2013 Som barn tyckte jag om att st\u00e5 p\u00e5 scen och spela teater. Men mest handlar det om \u201dlearning by doing\u201d. Jag g\u00f6r extremt mycket framtr\u00e4danden. Det \u00e4r inte ovanligt att jag har fem dragningar under en dag. \u00d6vning ger f\u00e4rdighet och jag har l\u00e4rt mig vad som funkar.<\/p>\n\n\n\n<p><strong>Hur kan du vara s\u00e5 kunnig och p<\/strong><strong>\u00e5<\/strong><strong>l\u00e4st hela tiden?<\/strong><\/p>\n\n\n\n<p>\u2013 Jag har v\u00e4ldigt kompetenta kollegor runt om mig, vilket \u00e4r en f\u00f6ruts\u00e4ttning f\u00f6r att jag ska kunna klara mitt jobb. Vi har alla olika kompetenser och jag testar min syn p\u00e5 dem och v\u00e4ssar mina argument. Jag l\u00e4ser mycket och genom \u00e5ren har jag blivit bra p\u00e5 att s\u00e5lla i information och plocka ut vad som \u00e4r viktigt.<\/p>\n\n\n\n<p><strong>Vad tror du om framtiden f\u00f6r ekonomin \u2013 skulle du kalla dig pessimist eller optimist?<\/strong><\/p>\n\n\n\n<p>\u2013 Jag \u00e4r optimistisk i det korta loppet. Jag tror vi har passerat botten sett till tillv\u00e4xten och att det ljusnar under h\u00f6sten. Men det finns fortfarande stora orosmoment och p\u00e5 l\u00e5ng sikt \u00e4r jag mer pessimistisk. De stora balansr\u00e4kningarna som bl\u00e5ses upp kan leda till att vi f\u00e5r en ny \u00e4nnu st\u00f6rre krasch fram\u00e5t i tiden.<\/p>\n\n\n\n<p><strong>B\u00e5de b\u00f6rsen och bostadsmarknaden \u00e4r tillbaka p\u00e5 samma niv\u00e5 som innan coronapandemin lamslog hela v\u00e4rldsekonomin. \u00c4r det rimligt?<\/strong><\/p>\n\n\n\n<p>\u2013 Det \u00e4r f\u00f6rklarligt med tanke p\u00e5 de massiva stimulansinsatser som v\u00e4rldens centralbanker pumpat in i systemet. Det finns en massa pengar i omlopp och i den l\u00e5gr\u00e4ntemilj\u00f6 vi haft en l\u00e4ngre tid finns det egentligen inga andra alternativ \u00e4n att satsa pengarna p\u00e5 olika tillg\u00e5ngsslag s\u00e5 som till exempel b\u00f6rsen eller bostadsmarknaden. Det har lett till att vi f\u00e5tt en tillg\u00e5ngsinflation, i st\u00e4llet f\u00f6r konsumentprisinflation. Risken \u00e4r dock, som sagt, att vi bygger bubblor som briserar l\u00e4ngre fram.<\/p>\n\n\n\n<figure class=\"wp-block-image size-large\"><img loading=\"lazy\" decoding=\"async\" width=\"960\" height=\"640\" src=\"https:\/\/talk.nordea.se\/privatebanking\/wp-content\/uploads\/2020\/09\/6-dsc6830.jpg\" alt=\"\" class=\"wp-image-3816\" srcset=\"https:\/\/talk.nordea.se\/privatebanking\/wp-content\/uploads\/2020\/09\/6-dsc6830.jpg 960w, https:\/\/talk.nordea.se\/privatebanking\/wp-content\/uploads\/2020\/09\/6-dsc6830-300x200.jpg 300w, https:\/\/talk.nordea.se\/privatebanking\/wp-content\/uploads\/2020\/09\/6-dsc6830-768x512.jpg 768w, https:\/\/talk.nordea.se\/privatebanking\/wp-content\/uploads\/2020\/09\/6-dsc6830-240x160.jpg 240w, https:\/\/talk.nordea.se\/privatebanking\/wp-content\/uploads\/2020\/09\/6-dsc6830-526x351.jpg 526w, https:\/\/talk.nordea.se\/privatebanking\/wp-content\/uploads\/2020\/09\/6-dsc6830-720x480.jpg 720w\" sizes=\"auto, (max-width: 960px) 100vw, 960px\" \/><figcaption>Annika Winsths stora samh\u00e4llsintresse v\u00e4cktes vid middagsbordet och alla diskussioner under uppv\u00e4xten i Sm\u00e5land. <\/figcaption><\/figure>\n\n\n\n<p><strong>Hur ska Sverige kunna v\u00e4nda sig ur den l\u00e5ngkonjunktur som vi nu rusar in i?<\/strong><\/p>\n\n\n\n<p>\u2013 Som jag ser det har vi redan p\u00e5b\u00f6rjat \u00e5terh\u00e4mtningen. Svensk ekonomi v\u00e4xer nu p\u00e5 bred front och vi r\u00e4knar med att Sveriges BNP-niv\u00e5 \u00e4r tillbaka d\u00e4r den var f\u00f6re krisen redan till n\u00e4sta sommar. Jag ser inga behov av n\u00e5gra st\u00f6rre allm\u00e4nna stimulanspaket f\u00f6r att kickstarta ekonomin. Det kan till och med vara skadligt att forts\u00e4tta med st\u00f6d och bidrag till verksamheter som rullar av sig sj\u00e4lvt. De offentliga finanserna \u00e4r heller ingen outt\u00f6mlig resurs. D\u00e4remot kan det beh\u00f6vas riktade \u00e5tg\u00e4rder f\u00f6r vissa drabbade sektorer och utsatta grupper i samh\u00e4llet.<\/p>\n\n\n\n<p><strong>Hur st\u00e5r sig Sverige internationellt \u2013 kommer vi komma ut som vinnare eller f\u00f6rlorare post-corona med tanke p\u00e5 hur vi hanterat pandemin?<\/strong><\/p>\n\n\n\n<p>\u2013 Vilka coronastrategier l\u00e4nderna valt har inte s\u00e5 stor betydelse och \u00e4r i vart fall f\u00f6r tidigt att utv\u00e4rdera ekonomiskt. Det viktiga \u00e4r l\u00e4ndernas utg\u00e5ngspunkter och vilka f\u00f6ruts\u00e4ttningar man haft att hantera krisen. H\u00e4r har Sverige en stor f\u00f6rdel i v\u00e5ra i grunden starka statsfinanser. Men en nackdel f\u00f6r Sverige \u00e4r att vi \u00e4r s\u00e5 beroende av omv\u00e4rlden, d\u00e5 exportsektorn v\u00e4ger tungt. Om v\u00e4rldsekonomin inte kommer ig\u00e5ng s\u00e5 har Sverige stora utmaningar.<\/p>\n\n\n\n<figure class=\"wp-block-image size-large\"><img loading=\"lazy\" decoding=\"async\" width=\"960\" height=\"640\" src=\"https:\/\/talk.nordea.se\/privatebanking\/wp-content\/uploads\/2020\/09\/7-dsc6774-1.jpg\" alt=\"\" class=\"wp-image-3844\" srcset=\"https:\/\/talk.nordea.se\/privatebanking\/wp-content\/uploads\/2020\/09\/7-dsc6774-1.jpg 960w, https:\/\/talk.nordea.se\/privatebanking\/wp-content\/uploads\/2020\/09\/7-dsc6774-1-300x200.jpg 300w, https:\/\/talk.nordea.se\/privatebanking\/wp-content\/uploads\/2020\/09\/7-dsc6774-1-768x512.jpg 768w, https:\/\/talk.nordea.se\/privatebanking\/wp-content\/uploads\/2020\/09\/7-dsc6774-1-240x160.jpg 240w, https:\/\/talk.nordea.se\/privatebanking\/wp-content\/uploads\/2020\/09\/7-dsc6774-1-526x351.jpg 526w, https:\/\/talk.nordea.se\/privatebanking\/wp-content\/uploads\/2020\/09\/7-dsc6774-1-720x480.jpg 720w\" sizes=\"auto, (max-width: 960px) 100vw, 960px\" \/><\/figure>\n\n\n\n<p><strong>Vilka \u00e4r de helt avg\u00f6<\/strong><strong>rande fr<\/strong><strong>\u00e5<\/strong><strong>gorna just nu i v\u00e4rldsekonomin?<\/strong><\/p>\n\n\n\n<p>\u2013 Hur viruset utvecklas och hur vi bek\u00e4mpar det blir avg\u00f6rande p\u00e5 m\u00e5nga s\u00e4tt. Jag tror inte att det g\u00e5r att st\u00e4nga ned hela samh\u00e4llen igen, utan det g\u00e4ller att hitta en niv\u00e5 d\u00e4r vi kan h\u00e5lla samh\u00e4llet \u00f6ppet och \u00e4nd\u00e5 kontrollera viruset.<\/p>\n\n\n\n<p><strong>Du har varit Nordea trogen i 26 \u00e5r \u2013 har du aldrig varit p\u00e5 v\u00e4g h\u00e4rifr\u00e5n?<\/strong><\/p>\n\n\n\n<p>\u2013 Jo, jag har varit p\u00e5 v\u00e4g n\u00e5gra g\u00e5nger, men banken har hittills plockat tillbaka mig. Bland annat var p\u00e5 v\u00e4g att skriva p\u00e5 ett kontrakt med ett f\u00f6retag i en annan bransch \u00e5r 2008, men d\u00e5 blev jag erbjuden chefekonomjobbet. Jag har sj\u00e4lv varit med att utforma min roll som chefekonom, vilket lett till att jobbet \u00e4r helt annorlunda i dag j\u00e4mf\u00f6rt med n\u00e4r jag tilltr\u00e4dde. Det \u00e4r ju f\u00f6rdelen med att vara p\u00e5 ett s\u00e5 stort f\u00f6retag som Nordea,&nbsp; d\u00e4r det hela tiden finns utrymme att v\u00e4xa.<\/p>\n\n\n\n<p class=\"has-small-font-size\"><strong>Text: <\/strong>Henrik Huldschiner   <strong>Foto:<\/strong> Karl Nordlund<\/p>\n","protected":false},"excerpt":{"rendered":"<p>Hur blev Annika Winsth s\u00e5 bra p\u00e5 att f\u00f6rklara komplexa ekonomiska h\u00e4ndelser? I en personlig intervju g\u00e5r vi p\u00e5 djupet med Nordeas chefekonom, som ber\u00e4ttar om sin bakgrund och vad hon tror om framtiden.<\/p>\n","protected":false},"author":2,"featured_media":3811,"comment_status":"closed","ping_status":"closed","sticky":false,"template":"","format":"standard","meta":{"_acf_changed":false,"footnotes":""},"categories":[8],"tags":[107,28],"class_list":["post-3818","post","type-post","status-publish","format-standard","has-post-thumbnail","hentry","category-personligt","tag-annika-winsth","tag-nordea"],"acf":[],"yoast_head":"<!-- This site is optimized with the Yoast SEO plugin v27.4 - https:\/\/yoast.com\/product\/yoast-seo-wordpress\/ -->\n<title>\u00c4rligt talat - Talk with Nordea Private Banking<\/title>\n<meta name=\"robots\" content=\"index, follow, max-snippet:-1, max-image-preview:large, max-video-preview:-1\" \/>\n<link rel=\"canonical\" href=\"https:\/\/talk.nordea.se\/privatebanking\/arligt-talat\/\" \/>\n<meta property=\"og:locale\" content=\"sv_SE\" \/>\n<meta property=\"og:type\" content=\"article\" \/>\n<meta property=\"og:title\" content=\"\u00c4rligt talat - Talk with Nordea Private Banking\" \/>\n<meta property=\"og:description\" content=\"Hur blev Annika Winsth s\u00e5 bra p\u00e5 att f\u00f6rklara komplexa ekonomiska h\u00e4ndelser? I en personlig intervju g\u00e5r vi p\u00e5 djupet med Nordeas chefekonom, som ber\u00e4ttar om sin bakgrund och vad hon tror om framtiden.\" \/>\n<meta property=\"og:url\" content=\"https:\/\/talk.nordea.se\/privatebanking\/arligt-talat\/\" \/>\n<meta property=\"og:site_name\" content=\"Talk with Nordea Private Banking\" \/>\n<meta property=\"article:published_time\" content=\"2020-09-04T17:16:38+00:00\" \/>\n<meta property=\"article:modified_time\" content=\"2020-09-30T10:18:37+00:00\" \/>\n<meta property=\"og:image\" content=\"https:\/\/talk.nordea.se\/privatebanking\/wp-content\/uploads\/2020\/09\/1-dsc7113.jpg\" \/>\n\t<meta property=\"og:image:width\" content=\"960\" \/>\n\t<meta property=\"og:image:height\" content=\"640\" \/>\n\t<meta property=\"og:image:type\" content=\"image\/jpeg\" \/>\n<meta name=\"author\" content=\"kairistila\" \/>\n<meta name=\"twitter:card\" content=\"summary_large_image\" \/>\n<meta name=\"twitter:label1\" content=\"Skriven av\" \/>\n\t<meta name=\"twitter:data1\" content=\"kairistila\" \/>\n\t<meta name=\"twitter:label2\" content=\"Ber\u00e4knad l\u00e4stid\" \/>\n\t<meta name=\"twitter:data2\" content=\"11 minuter\" \/>\n<script type=\"application\/ld+json\" class=\"yoast-schema-graph\">{\"@context\":\"https:\\\/\\\/schema.org\",\"@graph\":[{\"@type\":\"Article\",\"@id\":\"https:\\\/\\\/talk.nordea.se\\\/privatebanking\\\/arligt-talat\\\/#article\",\"isPartOf\":{\"@id\":\"https:\\\/\\\/talk.nordea.se\\\/privatebanking\\\/arligt-talat\\\/\"},\"author\":{\"name\":\"kairistila\",\"@id\":\"https:\\\/\\\/talk.nordea.se\\\/privatebanking\\\/#\\\/schema\\\/person\\\/43e0be4ffef10b914d4ee31d1c384b60\"},\"headline\":\"\u00c4rligt talat\",\"datePublished\":\"2020-09-04T17:16:38+00:00\",\"dateModified\":\"2020-09-30T10:18:37+00:00\",\"mainEntityOfPage\":{\"@id\":\"https:\\\/\\\/talk.nordea.se\\\/privatebanking\\\/arligt-talat\\\/\"},\"wordCount\":2198,\"image\":{\"@id\":\"https:\\\/\\\/talk.nordea.se\\\/privatebanking\\\/arligt-talat\\\/#primaryimage\"},\"thumbnailUrl\":\"https:\\\/\\\/talk.nordea.se\\\/privatebanking\\\/wp-content\\\/uploads\\\/2020\\\/09\\\/1-dsc7113.jpg\",\"keywords\":[\"Annika Winsth\",\"nordea\"],\"articleSection\":[\"Personligt\"],\"inLanguage\":\"sv-SE\"},{\"@type\":\"WebPage\",\"@id\":\"https:\\\/\\\/talk.nordea.se\\\/privatebanking\\\/arligt-talat\\\/\",\"url\":\"https:\\\/\\\/talk.nordea.se\\\/privatebanking\\\/arligt-talat\\\/\",\"name\":\"\u00c4rligt talat - Talk with Nordea Private Banking\",\"isPartOf\":{\"@id\":\"https:\\\/\\\/talk.nordea.se\\\/privatebanking\\\/#website\"},\"primaryImageOfPage\":{\"@id\":\"https:\\\/\\\/talk.nordea.se\\\/privatebanking\\\/arligt-talat\\\/#primaryimage\"},\"image\":{\"@id\":\"https:\\\/\\\/talk.nordea.se\\\/privatebanking\\\/arligt-talat\\\/#primaryimage\"},\"thumbnailUrl\":\"https:\\\/\\\/talk.nordea.se\\\/privatebanking\\\/wp-content\\\/uploads\\\/2020\\\/09\\\/1-dsc7113.jpg\",\"datePublished\":\"2020-09-04T17:16:38+00:00\",\"dateModified\":\"2020-09-30T10:18:37+00:00\",\"author\":{\"@id\":\"https:\\\/\\\/talk.nordea.se\\\/privatebanking\\\/#\\\/schema\\\/person\\\/43e0be4ffef10b914d4ee31d1c384b60\"},\"breadcrumb\":{\"@id\":\"https:\\\/\\\/talk.nordea.se\\\/privatebanking\\\/arligt-talat\\\/#breadcrumb\"},\"inLanguage\":\"sv-SE\",\"potentialAction\":[{\"@type\":\"ReadAction\",\"target\":[\"https:\\\/\\\/talk.nordea.se\\\/privatebanking\\\/arligt-talat\\\/\"]}]},{\"@type\":\"ImageObject\",\"inLanguage\":\"sv-SE\",\"@id\":\"https:\\\/\\\/talk.nordea.se\\\/privatebanking\\\/arligt-talat\\\/#primaryimage\",\"url\":\"https:\\\/\\\/talk.nordea.se\\\/privatebanking\\\/wp-content\\\/uploads\\\/2020\\\/09\\\/1-dsc7113.jpg\",\"contentUrl\":\"https:\\\/\\\/talk.nordea.se\\\/privatebanking\\\/wp-content\\\/uploads\\\/2020\\\/09\\\/1-dsc7113.jpg\",\"width\":960,\"height\":640,\"caption\":\"Med Annika Winsth har Nordea f\u00e5tt en chefekonom som tar plats i debatten.\"},{\"@type\":\"BreadcrumbList\",\"@id\":\"https:\\\/\\\/talk.nordea.se\\\/privatebanking\\\/arligt-talat\\\/#breadcrumb\",\"itemListElement\":[{\"@type\":\"ListItem\",\"position\":1,\"name\":\"Home\",\"item\":\"https:\\\/\\\/talk.nordea.se\\\/privatebanking\\\/\"},{\"@type\":\"ListItem\",\"position\":2,\"name\":\"\u00c4rligt talat\"}]},{\"@type\":\"WebSite\",\"@id\":\"https:\\\/\\\/talk.nordea.se\\\/privatebanking\\\/#website\",\"url\":\"https:\\\/\\\/talk.nordea.se\\\/privatebanking\\\/\",\"name\":\"Talk with Nordea Private Banking\",\"description\":\"\",\"potentialAction\":[{\"@type\":\"SearchAction\",\"target\":{\"@type\":\"EntryPoint\",\"urlTemplate\":\"https:\\\/\\\/talk.nordea.se\\\/privatebanking\\\/?s={search_term_string}\"},\"query-input\":{\"@type\":\"PropertyValueSpecification\",\"valueRequired\":true,\"valueName\":\"search_term_string\"}}],\"inLanguage\":\"sv-SE\"},{\"@type\":\"Person\",\"@id\":\"https:\\\/\\\/talk.nordea.se\\\/privatebanking\\\/#\\\/schema\\\/person\\\/43e0be4ffef10b914d4ee31d1c384b60\",\"name\":\"kairistila\",\"image\":{\"@type\":\"ImageObject\",\"inLanguage\":\"sv-SE\",\"@id\":\"https:\\\/\\\/secure.gravatar.com\\\/avatar\\\/682d8aa364d89eb8cf10e1b8eceb8da43ac690bb420244e825e55e75b444beea?s=96&d=mm&r=g\",\"url\":\"https:\\\/\\\/secure.gravatar.com\\\/avatar\\\/682d8aa364d89eb8cf10e1b8eceb8da43ac690bb420244e825e55e75b444beea?s=96&d=mm&r=g\",\"contentUrl\":\"https:\\\/\\\/secure.gravatar.com\\\/avatar\\\/682d8aa364d89eb8cf10e1b8eceb8da43ac690bb420244e825e55e75b444beea?s=96&d=mm&r=g\",\"caption\":\"kairistila\"},\"url\":\"https:\\\/\\\/talk.nordea.se\\\/privatebanking\\\/author\\\/kairistila\\\/\"}]}<\/script>\n<!-- \/ Yoast SEO plugin. -->","yoast_head_json":{"title":"\u00c4rligt talat - Talk with Nordea Private Banking","robots":{"index":"index","follow":"follow","max-snippet":"max-snippet:-1","max-image-preview":"max-image-preview:large","max-video-preview":"max-video-preview:-1"},"canonical":"https:\/\/talk.nordea.se\/privatebanking\/arligt-talat\/","og_locale":"sv_SE","og_type":"article","og_title":"\u00c4rligt talat - Talk with Nordea Private Banking","og_description":"Hur blev Annika Winsth s\u00e5 bra p\u00e5 att f\u00f6rklara komplexa ekonomiska h\u00e4ndelser? I en personlig intervju g\u00e5r vi p\u00e5 djupet med Nordeas chefekonom, som ber\u00e4ttar om sin bakgrund och vad hon tror om framtiden.","og_url":"https:\/\/talk.nordea.se\/privatebanking\/arligt-talat\/","og_site_name":"Talk with Nordea Private Banking","article_published_time":"2020-09-04T17:16:38+00:00","article_modified_time":"2020-09-30T10:18:37+00:00","og_image":[{"width":960,"height":640,"url":"https:\/\/talk.nordea.se\/privatebanking\/wp-content\/uploads\/2020\/09\/1-dsc7113.jpg","type":"image\/jpeg"}],"author":"kairistila","twitter_card":"summary_large_image","twitter_misc":{"Skriven av":"kairistila","Ber\u00e4knad l\u00e4stid":"11 minuter"},"schema":{"@context":"https:\/\/schema.org","@graph":[{"@type":"Article","@id":"https:\/\/talk.nordea.se\/privatebanking\/arligt-talat\/#article","isPartOf":{"@id":"https:\/\/talk.nordea.se\/privatebanking\/arligt-talat\/"},"author":{"name":"kairistila","@id":"https:\/\/talk.nordea.se\/privatebanking\/#\/schema\/person\/43e0be4ffef10b914d4ee31d1c384b60"},"headline":"\u00c4rligt talat","datePublished":"2020-09-04T17:16:38+00:00","dateModified":"2020-09-30T10:18:37+00:00","mainEntityOfPage":{"@id":"https:\/\/talk.nordea.se\/privatebanking\/arligt-talat\/"},"wordCount":2198,"image":{"@id":"https:\/\/talk.nordea.se\/privatebanking\/arligt-talat\/#primaryimage"},"thumbnailUrl":"https:\/\/talk.nordea.se\/privatebanking\/wp-content\/uploads\/2020\/09\/1-dsc7113.jpg","keywords":["Annika Winsth","nordea"],"articleSection":["Personligt"],"inLanguage":"sv-SE"},{"@type":"WebPage","@id":"https:\/\/talk.nordea.se\/privatebanking\/arligt-talat\/","url":"https:\/\/talk.nordea.se\/privatebanking\/arligt-talat\/","name":"\u00c4rligt talat - Talk with Nordea Private Banking","isPartOf":{"@id":"https:\/\/talk.nordea.se\/privatebanking\/#website"},"primaryImageOfPage":{"@id":"https:\/\/talk.nordea.se\/privatebanking\/arligt-talat\/#primaryimage"},"image":{"@id":"https:\/\/talk.nordea.se\/privatebanking\/arligt-talat\/#primaryimage"},"thumbnailUrl":"https:\/\/talk.nordea.se\/privatebanking\/wp-content\/uploads\/2020\/09\/1-dsc7113.jpg","datePublished":"2020-09-04T17:16:38+00:00","dateModified":"2020-09-30T10:18:37+00:00","author":{"@id":"https:\/\/talk.nordea.se\/privatebanking\/#\/schema\/person\/43e0be4ffef10b914d4ee31d1c384b60"},"breadcrumb":{"@id":"https:\/\/talk.nordea.se\/privatebanking\/arligt-talat\/#breadcrumb"},"inLanguage":"sv-SE","potentialAction":[{"@type":"ReadAction","target":["https:\/\/talk.nordea.se\/privatebanking\/arligt-talat\/"]}]},{"@type":"ImageObject","inLanguage":"sv-SE","@id":"https:\/\/talk.nordea.se\/privatebanking\/arligt-talat\/#primaryimage","url":"https:\/\/talk.nordea.se\/privatebanking\/wp-content\/uploads\/2020\/09\/1-dsc7113.jpg","contentUrl":"https:\/\/talk.nordea.se\/privatebanking\/wp-content\/uploads\/2020\/09\/1-dsc7113.jpg","width":960,"height":640,"caption":"Med Annika Winsth har Nordea f\u00e5tt en chefekonom som tar plats i debatten."},{"@type":"BreadcrumbList","@id":"https:\/\/talk.nordea.se\/privatebanking\/arligt-talat\/#breadcrumb","itemListElement":[{"@type":"ListItem","position":1,"name":"Home","item":"https:\/\/talk.nordea.se\/privatebanking\/"},{"@type":"ListItem","position":2,"name":"\u00c4rligt talat"}]},{"@type":"WebSite","@id":"https:\/\/talk.nordea.se\/privatebanking\/#website","url":"https:\/\/talk.nordea.se\/privatebanking\/","name":"Talk with Nordea Private Banking","description":"","potentialAction":[{"@type":"SearchAction","target":{"@type":"EntryPoint","urlTemplate":"https:\/\/talk.nordea.se\/privatebanking\/?s={search_term_string}"},"query-input":{"@type":"PropertyValueSpecification","valueRequired":true,"valueName":"search_term_string"}}],"inLanguage":"sv-SE"},{"@type":"Person","@id":"https:\/\/talk.nordea.se\/privatebanking\/#\/schema\/person\/43e0be4ffef10b914d4ee31d1c384b60","name":"kairistila","image":{"@type":"ImageObject","inLanguage":"sv-SE","@id":"https:\/\/secure.gravatar.com\/avatar\/682d8aa364d89eb8cf10e1b8eceb8da43ac690bb420244e825e55e75b444beea?s=96&d=mm&r=g","url":"https:\/\/secure.gravatar.com\/avatar\/682d8aa364d89eb8cf10e1b8eceb8da43ac690bb420244e825e55e75b444beea?s=96&d=mm&r=g","contentUrl":"https:\/\/secure.gravatar.com\/avatar\/682d8aa364d89eb8cf10e1b8eceb8da43ac690bb420244e825e55e75b444beea?s=96&d=mm&r=g","caption":"kairistila"},"url":"https:\/\/talk.nordea.se\/privatebanking\/author\/kairistila\/"}]}},"_links":{"self":[{"href":"https:\/\/talk.nordea.se\/privatebanking\/wp-json\/wp\/v2\/posts\/3818","targetHints":{"allow":["GET"]}}],"collection":[{"href":"https:\/\/talk.nordea.se\/privatebanking\/wp-json\/wp\/v2\/posts"}],"about":[{"href":"https:\/\/talk.nordea.se\/privatebanking\/wp-json\/wp\/v2\/types\/post"}],"author":[{"embeddable":true,"href":"https:\/\/talk.nordea.se\/privatebanking\/wp-json\/wp\/v2\/users\/2"}],"replies":[{"embeddable":true,"href":"https:\/\/talk.nordea.se\/privatebanking\/wp-json\/wp\/v2\/comments?post=3818"}],"version-history":[{"count":24,"href":"https:\/\/talk.nordea.se\/privatebanking\/wp-json\/wp\/v2\/posts\/3818\/revisions"}],"predecessor-version":[{"id":3960,"href":"https:\/\/talk.nordea.se\/privatebanking\/wp-json\/wp\/v2\/posts\/3818\/revisions\/3960"}],"wp:featuredmedia":[{"embeddable":true,"href":"https:\/\/talk.nordea.se\/privatebanking\/wp-json\/wp\/v2\/media\/3811"}],"wp:attachment":[{"href":"https:\/\/talk.nordea.se\/privatebanking\/wp-json\/wp\/v2\/media?parent=3818"}],"wp:term":[{"taxonomy":"category","embeddable":true,"href":"https:\/\/talk.nordea.se\/privatebanking\/wp-json\/wp\/v2\/categories?post=3818"},{"taxonomy":"post_tag","embeddable":true,"href":"https:\/\/talk.nordea.se\/privatebanking\/wp-json\/wp\/v2\/tags?post=3818"}],"curies":[{"name":"wp","href":"https:\/\/api.w.org\/{rel}","templated":true}]}}