




{"id":3568,"date":"2020-08-03T18:29:26","date_gmt":"2020-08-03T16:29:26","guid":{"rendered":"https:\/\/talk.nordea.se\/privatebanking\/?p=3568"},"modified":"2020-09-30T13:07:59","modified_gmt":"2020-09-30T11:07:59","slug":"i-rattvisans-tjanst","status":"publish","type":"post","link":"https:\/\/talk.nordea.se\/privatebanking\/i-rattvisans-tjanst\/","title":{"rendered":"I r\u00e4ttvisans tj\u00e4nst"},"content":{"rendered":"\n<p><em>Runt halsen b\u00e4r \u00c5sa Regn\u00e9r ett vackert smycke som f\u00f6rest\u00e4ller de olika kontinenterna. En passande symbolik f\u00f6r n\u00e5gon som tagit sig hela v\u00e4gen upp i toppen av FN-hierarkin, d\u00e4r hon nu jobbar <\/em><em>som vice chef f\u00f6r UN Women samt som assisterande generalsekreterare <\/em><em>direkt under <\/em><em>Ant\u00f3nio Guterres. Ett dr\u00f6mjobb f\u00f6r n\u00e5gon som i hela sitt yrkesverksamma liv s\u00f6kt sig till tj\u00e4nster d\u00e4r hon kan g\u00f6ra skillnad. Oavsett om det har handlat om att bossa \u00f6ver UN Women i Bolivia eller avverka en mandatperiod som svensk j\u00e4mst\u00e4lldhetsminister. Ju st\u00f6rre uppgiften har varit, desto mer har den lockat. <\/em><strong><em><\/em><\/strong><\/p>\n\n\n\n<p><strong>Du har en av de tyngsta positioner man kan ha som tj\u00e4nsteman, med massor av makt och m\u00f6jligheter att p\u00e5verka flickors och kvinnors situation globalt. Hur b\u00f6rjade det hela?<\/strong><\/p>\n\n\n\n<p>\u2013 Allts\u00e5, det h\u00e4r \u00e4r ganska m\u00e4rkligt, men som ung flicka hade jag en bok som hette <em>Mina V\u00e4nner<\/em>. F\u00f6r tio \u00e5r sedan hittade jag den n\u00e4r mina f\u00f6r\u00e4ldrar flyttade fr\u00e5n sin villa. Jag s\u00e5g d\u00e5 att jag som 14-\u00e5ring hade skrivit: \u201dN\u00e4r jag blir stor vill jag jobba f\u00f6r flickor i v\u00e4rlden.\u201d Jag hittar inte p\u00e5. Det stod faktiskt s\u00e5.<\/p>\n\n\n\n<figure class=\"wp-block-image size-large\"><img loading=\"lazy\" decoding=\"async\" width=\"960\" height=\"640\" src=\"https:\/\/talk.nordea.se\/privatebanking\/wp-content\/uploads\/2020\/08\/2-dsc4715-edit.jpg\" alt=\"\" class=\"wp-image-3570\" srcset=\"https:\/\/talk.nordea.se\/privatebanking\/wp-content\/uploads\/2020\/08\/2-dsc4715-edit.jpg 960w, https:\/\/talk.nordea.se\/privatebanking\/wp-content\/uploads\/2020\/08\/2-dsc4715-edit-300x200.jpg 300w, https:\/\/talk.nordea.se\/privatebanking\/wp-content\/uploads\/2020\/08\/2-dsc4715-edit-768x512.jpg 768w, https:\/\/talk.nordea.se\/privatebanking\/wp-content\/uploads\/2020\/08\/2-dsc4715-edit-240x160.jpg 240w, https:\/\/talk.nordea.se\/privatebanking\/wp-content\/uploads\/2020\/08\/2-dsc4715-edit-526x351.jpg 526w, https:\/\/talk.nordea.se\/privatebanking\/wp-content\/uploads\/2020\/08\/2-dsc4715-edit-720x480.jpg 720w\" sizes=\"auto, (max-width: 960px) 100vw, 960px\" \/><figcaption>Som ung reste \u00c5sa Regn\u00e9r till Bolivia i Sydamerika, det var d\u00e4r hon p\u00e5 allvar b\u00f6rjade intressera sig f\u00f6r j\u00e4mst\u00e4lldhetsfr\u00e5gor.<\/figcaption><\/figure>\n\n\n\n\n\n<figure id=\"fact-box-block_5f2838defbb1b\" class=\"text-box testimonial \">\n            <h3>\u00c5sa Regn\u00e9r<\/h3>\n    <p><strong>Uppv\u00e4xt:<\/strong> Link\u00f6ping och Motala.<\/p>\n<p><strong>Bor:<\/strong> I Brooklyn i New York med utsikt \u00f6ver Finansdistriktet.<\/p>\n<p><strong>Familj:<\/strong> Barnen Vibeke 19 och Edvard 17.<\/p>\n<p><strong>G\u00f6r:<\/strong> Assisterande generalsekreterare f\u00f6r FN och vice chef f\u00f6r UN Women.<\/p>\n<p><strong>G\u00f6r helst p\u00e5 fritiden<\/strong>: Springer, l\u00e4ser, g\u00e5r p\u00e5 bio och konstmuseer.<\/p>\n<p><strong>Cv i urval:<\/strong>\u00a0Politisk tj\u00e4nsteman i regeringskansliet, generalsekreterare RFSU, landschef f\u00f6r UN Women Bolivia, barn-, \u00e4ldre- och j\u00e4mst\u00e4lldhetsminister 2014\u20132018.<\/p>\n    <\/figure>\n\n\n\n<p><strong>Minns du vad som inspirerade dig att skriva s\u00e5?<\/strong><\/p>\n\n\n\n<p>\u2013 Min mamma v\u00e4xte upp i en liten etta p\u00e5 S\u00f6dermalm i Stockholm. P\u00e5 50-talet var det bara n\u00e5gra f\u00e5 procent av de som tog examen som var kvinnor fr\u00e5n arbetarklassen, men hon gick vidare och l\u00e4ste p\u00e5 universitet. Mammas livshistoria visade mig att \u00e4ven om man har mycket emot sig kan man uppn\u00e5 sina dr\u00f6mmar om man tror p\u00e5 sig sj\u00e4lv. Jag har l\u00e4rt mig massor av mamma.<\/p>\n\n\n\n<p><strong>Hur reagerade hon n\u00e4r du blev minister och senare hamnade i FN?<\/strong><\/p>\n\n\n\n<p>\u2013 F\u00f6r mig och min familj \u00e4r det en stor sorg, men tyv\u00e4rr har mamma en minnessjukdom sedan tio \u00e5r tillbaka. \u00c4n i dag f\u00f6r jag ofta samtal med henne i mitt huvud som jag minns henne i sin krafts dagar. Mamma var fantastisk, men hon fick ocks\u00e5 slita h\u00e5rt. Hon dubbelarbetade och gjorde allt obetalt jobb hemma. N\u00e4r vi flyttade gjorde vi det f\u00f6r pappas jobb. Han respekterade hennes intellekt och beundrade hennes sk\u00e4rpa samtidigt som han p\u00e5 s\u00e4tt och vis uppr\u00e4tth\u00f6ll obalansen. F\u00f6r mig blev detta v\u00e4ldigt motstridigt med f\u00f6r\u00e4ldrar som pratade om j\u00e4mst\u00e4lldhet i teorin men som inte praktiserade det hemma.<\/p>\n\n\n\n<p><strong>Var kommer ditt eget r\u00e4ttspatos fr\u00e5n och viljan att g\u00f6ra skillnad?<\/strong><\/p>\n\n\n\n<p>\u2013 Det \u00e4r v\u00e4l en kombination av uppv\u00e4xt och egna erfarenheter. En upplevelse som p\u00e5verkat mig mycket \u00e4r en resa som jag gjorde till Sydamerika som ung. Jag blev s\u00e5 fascinerad att jag l\u00e4ste in en fil.kand i spanska, tyska och konstvetenskap. N\u00e4r min farfar dog fick jag \u00e4rva 30&nbsp;000 kronor. F\u00f6r de pengarna \u00e5kte jag tillbaka till La Paz i Bolivia d\u00e4r jag arbetade i en f\u00f6rort med Aymara-kvinnor i ett \u00e5r. D\u00e4r s\u00e5g jag vad som f\u00f6renade dessa kvinnor med mamma och mig, att vi faktiskt dr\u00f6mmer om samma saker: Arbete, trygghet, fred och frihet.<\/p>\n\n\n\n<figure class=\"wp-block-image size-large\"><img loading=\"lazy\" decoding=\"async\" width=\"960\" height=\"640\" src=\"https:\/\/talk.nordea.se\/privatebanking\/wp-content\/uploads\/2020\/08\/3-dsc4763-edit.jpg\" alt=\"\" class=\"wp-image-3571\" srcset=\"https:\/\/talk.nordea.se\/privatebanking\/wp-content\/uploads\/2020\/08\/3-dsc4763-edit.jpg 960w, https:\/\/talk.nordea.se\/privatebanking\/wp-content\/uploads\/2020\/08\/3-dsc4763-edit-300x200.jpg 300w, https:\/\/talk.nordea.se\/privatebanking\/wp-content\/uploads\/2020\/08\/3-dsc4763-edit-768x512.jpg 768w, https:\/\/talk.nordea.se\/privatebanking\/wp-content\/uploads\/2020\/08\/3-dsc4763-edit-240x160.jpg 240w, https:\/\/talk.nordea.se\/privatebanking\/wp-content\/uploads\/2020\/08\/3-dsc4763-edit-526x351.jpg 526w, https:\/\/talk.nordea.se\/privatebanking\/wp-content\/uploads\/2020\/08\/3-dsc4763-edit-720x480.jpg 720w\" sizes=\"auto, (max-width: 960px) 100vw, 960px\" \/><figcaption>\u201dDet \u00e4r obegripligt att 75 procent av v\u00e4rldens parlamentariker \u00e4r av manligt k\u00f6n\u2026 Var hittar de alla m\u00e4n?\u201d<\/figcaption><\/figure>\n\n\n\n<p><strong>Hur gick det till n\u00e4r du fick jobbet i FN?<\/strong><\/p>\n\n\n\n<p>\u2013 Jag blev j\u00e4mst\u00e4lldhetsminister 2014, ett fantastiskt uppdrag som jag trivdes v\u00e4ldigt bra med. Men s\u00e5 fick jag h\u00f6ra talas om det h\u00e4r jobbet 2018, och k\u00e4nde direkt att jag ville s\u00f6ka. Det kom ov\u00e4ntat f\u00f6r statsministern men han gav sitt st\u00f6d eftersom det g\u00e4ller en profilfr\u00e5ga f\u00f6r Sverige, vilket jag \u00e4r v\u00e4ldigt tacksam f\u00f6r. Efter en tuff rekryteringsprocess blev jag sedan utn\u00e4mnd av generalsekreteraren Ant\u00f3nio Guterres.<\/p>\n\n\n\n<p><strong>Hur \u00e4r det att jobba med honom?<\/strong><\/p>\n\n\n\n<p>\u2013 Han \u00e4r extremt tydlig och beslutsam. Man f\u00f6rbereder sig verkligen inf\u00f6r ett m\u00f6te med honom, och jag l\u00e4r mig ocks\u00e5 mycket av hans s\u00e4tt att se p\u00e5 tillvaron och hans analyser. Han prioriterar j\u00e4mst\u00e4lldhet p\u00e5 ett genomt\u00e4nkt s\u00e4tt, d\u00e4rf\u00f6r f\u00e5r det ocks\u00e5 stort genomslag.<\/p>\n\n\n\n<p><strong>I dag har den 14-\u00e5riga \u00c5sas dr\u00f6m f\u00f6rverkligats och du arbetar globalt f\u00f6r att f\u00f6rb\u00e4ttra flickors och kvinnors liv. Hur ser din egen vardag ut?<\/strong><\/p>\n\n\n\n<p>\u2013 N\u00e4r jag inte \u00e4r p\u00e5 jobbet p\u00e5 FN i NY \u00e4r jag ute p\u00e5 f\u00e4ltet. Vi har program och kontor i 80 l\u00e4nder och v\u00e5rt jobb \u00e4r att n\u00e5 de fattigaste och mest utsatta flickorna och kvinnorna. Det g\u00e4ller exempelvis kvinnor fr\u00e5n minoritetsgrupper, de som diskrimineras p\u00e5 grund av hudf\u00e4rg eller funktionshinder. Vi f\u00f6r dialog med regeringar om f\u00f6rslag p\u00e5 lagstiftning och reformer som fr\u00e4mjar j\u00e4mst\u00e4lldhet och st\u00f6djer \u00e4ven kvinnor\u00f6relsen i l\u00e4nderna.&nbsp;<\/p>\n\n\n\n<p>Innan coronapandemin var jag i norra Nigeria d\u00e4r flera terrorgrupper verkar, bland annat Boko Haram. De riktar in sig p\u00e5 att leml\u00e4sta, v\u00e5ldta, tortera, kidnappa flickor och kvinnor f\u00f6r att de vet att det trasar s\u00f6nder samh\u00e4llen. D\u00e4rf\u00f6r m\u00e5ste FN vara d\u00e4r. Olyckligtvis har inte v\u00e4rlden tid med dessa kvinnors lidande just nu n\u00e4r politiken och media fokuserar p\u00e5 pandemin.&nbsp;&nbsp;<\/p>\n\n\n\n<figure class=\"wp-block-image size-large\"><img loading=\"lazy\" decoding=\"async\" width=\"960\" height=\"640\" src=\"https:\/\/talk.nordea.se\/privatebanking\/wp-content\/uploads\/2020\/08\/4-dsc4754-edit.jpg\" alt=\"\" class=\"wp-image-3572\" srcset=\"https:\/\/talk.nordea.se\/privatebanking\/wp-content\/uploads\/2020\/08\/4-dsc4754-edit.jpg 960w, https:\/\/talk.nordea.se\/privatebanking\/wp-content\/uploads\/2020\/08\/4-dsc4754-edit-300x200.jpg 300w, https:\/\/talk.nordea.se\/privatebanking\/wp-content\/uploads\/2020\/08\/4-dsc4754-edit-768x512.jpg 768w, https:\/\/talk.nordea.se\/privatebanking\/wp-content\/uploads\/2020\/08\/4-dsc4754-edit-240x160.jpg 240w, https:\/\/talk.nordea.se\/privatebanking\/wp-content\/uploads\/2020\/08\/4-dsc4754-edit-526x351.jpg 526w, https:\/\/talk.nordea.se\/privatebanking\/wp-content\/uploads\/2020\/08\/4-dsc4754-edit-720x480.jpg 720w\" sizes=\"auto, (max-width: 960px) 100vw, 960px\" \/><figcaption>\u00c5sa Regn\u00e9r \u00e4r djupt oroad \u00f6ver att coronakrisen bidrar till att bryta ned samh\u00e4llen och \u00f6ppna upp f\u00f6r terrorism och or\u00e4ttvisor.<\/figcaption><\/figure>\n\n\n\n<p><strong>Hur p\u00e5verkas du av s\u00e5dana m\u00f6ten och brutalitet?<\/strong><\/p>\n\n\n\n<p>\u2013 Det g\u00e5r inte att h\u00e5lla sig lugn och neutral. Det ruskar om en p\u00e5 djupet. Ibland \u00e4r det sv\u00e5rt att hantera skillnaderna mellan sitt eget och andras liv, och de g\u00e5ngerna brister jag bara ut i gr\u00e5t. En annan sak som jag t\u00e4nker p\u00e5 \u00e4r att kvinnor n\u00e4stan alltid vill prata. Jag kan inte minnas en kvinna som inte vill tala om de or\u00e4ttvisor hon utsatts f\u00f6r. N\u00e4r vi under p\u00e5g\u00e5ende pandemi, fr\u00e5gade kvinnor i Libyen om l\u00e4get ber\u00e4ttade de om f\u00e4rre m\u00f6jligheter till egen inkomst, en s\u00f6ndertrasad sjukv\u00e5rd och restriktioner som f\u00f6ranleder mer v\u00e5ld i hemmen.<\/p>\n\n\n\n<p><strong>Och vad g\u00f6r FN konkret f\u00f6r att hj\u00e4lpa?<\/strong><\/p>\n\n\n\n<p>\u2013 Vi arbetar ju b\u00e5de kort- och l\u00e5ngsiktigt i en m\u00e4ngd olika program, men som ett direkt svar p\u00e5 alla de rapporter som str\u00f6mmar \u00f6ver oss och som vittnar om hur kvinnors utsatthet \u00f6kar, s\u00e5 har vi genom v\u00e5r generalsekreterare Ant\u00f3nio Guterres nyligen gjort en appel till alla regeringar f\u00f6r att f\u00f6rebygga v\u00e5ldet mot kvinnor och s\u00e4kerst\u00e4lla att det drivs r\u00e4ttsliga processer. Ett annat budskap \u00e4r att n\u00e4r l\u00e4nder nu satsar p\u00e5 olika ekonomiska stimulanspaket som en f\u00f6ljd av coronakrisen, s\u00e5 \u00e4r det av yttersta vikt att inkludera kvinnor i beslutsprocesser. Krisen kan bli en <em>make it or break it<\/em> om man har ett aktivt j\u00e4mst\u00e4lldhetst\u00e4nkande.<\/p>\n\n\n\n<p class=\"has-pb-blue-color has-text-color\" style=\"font-size:25px\"><strong><em>\u201dKvinnor b\u00e4r bokstavligt talat samh\u00e4llen p\u00e5 sina axlar v\u00e4rlden \u00f6ver. De arbetar i v\u00e5rden, hemtj\u00e4nsten, apoteken och andra livsviktiga samh\u00e4llsfunktioner. Hela 70 procent av alla v\u00e5rdanst\u00e4llda i v\u00e4rlden \u00e4r kvinnor. De st\u00e5r d\u00e4r dag som natt med kunskap, empati och uth\u00e5llighet, och \u00e4r ofta s\u00e4mre betalda \u00e4n m\u00e4n med samma utbildningsniv\u00e5. Det m\u00e5ste \u00e4ndras nu.\u201d<\/em><\/strong><\/p>\n\n\n\n<p><strong>I m\u00e5nga l\u00e4nder har m\u00e4nniskor under v\u00e5ren g\u00e5tt ut p\u00e5 sina balkonger och appl\u00e5derat v\u00e5rdpersonalen som nu \u00e4ntligen erk\u00e4nns och till och med heroiseras. Vad t\u00e4nker du om det?<\/strong><\/p>\n\n\n\n<p>\u2013 Kvinnor b\u00e4r bokstavligt talat samh\u00e4llen p\u00e5 sina axlar v\u00e4rlden \u00f6ver. De arbetar i v\u00e5rden, hemtj\u00e4nsten, apoteken och andra livsviktiga samh\u00e4llsfunktioner. Hela 70 procent av alla v\u00e5rdanst\u00e4llda i v\u00e4rlden \u00e4r kvinnor. De st\u00e5r d\u00e4r dag som natt med kunskap, empati och uth\u00e5llighet, och \u00e4r ofta s\u00e4mre betalda \u00e4n m\u00e4n med samma utbildningsniv\u00e5. Det m\u00e5ste \u00e4ndras nu.<\/p>\n\n\n\n<p><strong>Men \u00e4ven om det g\u00e5r i snigelfart g\u00e5r v\u00e4l utvecklingen fram\u00e5t?<\/strong><\/p>\n\n\n\n<p>\u2013 Absolut. N\u00e4r vi p\u00e5 FN j\u00e4mf\u00f6r vad som h\u00e4nt p\u00e5 25 \u00e5r ser vi en \u00f6kad medvetenhet och att ny lagstiftning har tillkommit som vi aldrig kunde dr\u00f6mma om. Mycket tack vare #metoo.<\/p>\n\n\n\n<p>94 l\u00e4nder har inf\u00f6rt f\u00f6r\u00e4ldraledighet. Vi ser framsteg i flickors utbildning. I dag b\u00f6rjar n\u00e4stan lika m\u00e5nga flickor som pojkar skolan. M\u00f6drad\u00f6dligheten minskar. K\u00f6nsstympning har minskat i omfattning. Vi har f\u00e5tt b\u00e4ttre lagstiftning n\u00e4r det g\u00e4ller v\u00e5ld mot kvinnor.<\/p>\n\n\n\n<p>Numera \u00e4r 14 regeringar runtom i v\u00e4rlden helt j\u00e4mst\u00e4llda, bland annat Rwandas och Etiopiens. Det kvinnliga ledarskapet har dessutom f\u00f6rst\u00e4rkts med profilnamn som Sanna Marin, statsminister i Finland, och Jacinda Arden, premi\u00e4rminister i Nya Zeeland. Och det \u00e4r s\u00e5klart positivt, en utveckling som jag ocks\u00e5 briefade S\u00e4kerhetsr\u00e5det om h\u00e4romdagen, men man ska veta att i det stora hela lyser fortfarande kvinnorna med sin fr\u00e5nvaro vid f\u00f6rhandlingsborden.<\/p>\n\n\n\n<p><strong>En bild som f\u00f6rst\u00e4rks av <em>The Gender Gap Report, <\/em>d\u00e4r det fastsl\u00e5s att det kommer ta 257 \u00e5r innan vi har uppn\u00e5tt ekonomisk j\u00e4mst\u00e4lldhet. Varf\u00f6r tar det s\u00e5dan tid?<\/strong><\/p>\n\n\n\n<p>\u2013 J\u00e4mst\u00e4lldhet \u00e4r inget som prioriteras vid budgetf\u00f6rhandlingar. Man g\u00f6r heller inget f\u00f6r att \u00e4ndra p\u00e5 lagstiftningen. Om investeringar uteblir kan lagstiftning och reformer inte bli verklighet. Det kr\u00e4vs ett ledarskap d\u00e4r man \u00e4r beredd att ta sm\u00e4llen.<\/p>\n\n\n\n<figure class=\"wp-block-image size-large\"><img loading=\"lazy\" decoding=\"async\" width=\"960\" height=\"640\" src=\"https:\/\/talk.nordea.se\/privatebanking\/wp-content\/uploads\/2020\/08\/5-dsc4724-edit.jpg\" alt=\"\" class=\"wp-image-3573\" srcset=\"https:\/\/talk.nordea.se\/privatebanking\/wp-content\/uploads\/2020\/08\/5-dsc4724-edit.jpg 960w, https:\/\/talk.nordea.se\/privatebanking\/wp-content\/uploads\/2020\/08\/5-dsc4724-edit-300x200.jpg 300w, https:\/\/talk.nordea.se\/privatebanking\/wp-content\/uploads\/2020\/08\/5-dsc4724-edit-768x512.jpg 768w, https:\/\/talk.nordea.se\/privatebanking\/wp-content\/uploads\/2020\/08\/5-dsc4724-edit-240x160.jpg 240w, https:\/\/talk.nordea.se\/privatebanking\/wp-content\/uploads\/2020\/08\/5-dsc4724-edit-526x351.jpg 526w, https:\/\/talk.nordea.se\/privatebanking\/wp-content\/uploads\/2020\/08\/5-dsc4724-edit-720x480.jpg 720w\" sizes=\"auto, (max-width: 960px) 100vw, 960px\" \/><figcaption>\u00c5sa Regn\u00e9r menar att f\u00f6r att n\u00e5 verklig j\u00e4mst\u00e4lldhet m\u00e5ste vi b\u00f6rja med att rensa bort gamla f\u00f6rdomar.<\/figcaption><\/figure>\n\n\n\n<p><strong>Vad \u00e4r det f\u00f6r sm\u00e4ll?<\/strong><\/p>\n\n\n\n<p>\u2013 Kvinnor som arbetar med j\u00e4mst\u00e4lldhet m\u00f6ter mer motst\u00e5nd, mindre utrymme, h\u00e5rdare bed\u00f6mningar. De f\u00f6rl\u00f6jligas och f\u00f6rminskas. Vi m\u00e5ste \u00e4ndra p\u00e5 grundl\u00e4ggande v\u00e4rderingar och rensa bort gamla f\u00f6rdomar f\u00f6r att kunna g\u00f6ra verklig skillnad.<\/p>\n\n\n\n<p><strong>Vilket pris har du sj\u00e4lv f\u00e5tt betala?<\/strong><\/p>\n\n\n\n<p>\u2013 N\u00e4r man st\u00e5r upp f\u00f6r n\u00e5got blir man v\u00e4ldigt ensam, n\u00e4stan som att det ing\u00e5r i jobbet och att det f\u00f6ruts\u00e4tts att man ska finna sig vid en viss hotbild om man \u00e4r en offentlig person. Jag har varit med om allt fr\u00e5n konstiga kuvert med pulver i min brevl\u00e5da till n\u00e4that. Det fanns en tid n\u00e4r min kontaktperson p\u00e5 S\u00c4PO, som f\u00f6r \u00f6vrigt var en kvinna, f\u00f6rutom att vara livvakt ocks\u00e5 fick agera psykolog och h\u00e5lla-i-handen-medm\u00e4nniska.<\/p>\n\n\n\n<p>Men det tar emot att beskriva mig som offer och ta fokus fr\u00e5n min verkliga uppgift, och det \u00e4r att arbeta f\u00f6r andra.<\/p>\n\n\n\n<p><strong>Hur hoppfull och optimistisk \u00e4r du?<\/strong><\/p>\n\n\n\n<p>\u2013 Jag \u00e4r konstruktivt arg. V\u00e4rlden g\u00e5r att f\u00f6r\u00e4ndra och kvinnor har ofta bidragit till f\u00f6rb\u00e4ttringar. Men motst\u00e5ndet finns d\u00e4r.<\/p>\n\n\n\n<p>#Metoo spelade en positiv och viktig roll. Det hj\u00e4lpte kvinnor i ledande positioner att samtidigt kunna vara feminister. D\u00e4rf\u00f6r ser vi nu ser en hel del kvinnliga ledare runtom i v\u00e4rlden, f\u00f6r att inte tala om alla kvinnliga statsministrar i Norden. Men vi ser ocks\u00e5 en v\u00e4xande religi\u00f6s fundamentalistisk v\u00e5g och direkt kvinnofientliga politiska kampanjer.<\/p>\n\n\n\n<p><strong>Vad kan vi g\u00f6ra h\u00e4r i Norden, och vad kan vi bli b\u00e4ttre p\u00e5?<\/strong><\/p>\n\n\n\n<p>\u2013 J\u00e4mf\u00f6rt med m\u00e5nga andra regioner samarbetar vi i Norden v\u00e4ldigt bra kring j\u00e4mst\u00e4lldhetsfr\u00e5gor. Vi m\u00e5ste forts\u00e4tta visa v\u00e4rlden vad som \u00e4r m\u00f6jligt.<\/p>\n\n\n\n<figure class=\"wp-block-image size-large\"><img loading=\"lazy\" decoding=\"async\" width=\"960\" height=\"641\" src=\"https:\/\/talk.nordea.se\/privatebanking\/wp-content\/uploads\/2020\/08\/6-dsc4606-edit.jpg\" alt=\"\" class=\"wp-image-3574\" srcset=\"https:\/\/talk.nordea.se\/privatebanking\/wp-content\/uploads\/2020\/08\/6-dsc4606-edit.jpg 960w, https:\/\/talk.nordea.se\/privatebanking\/wp-content\/uploads\/2020\/08\/6-dsc4606-edit-300x200.jpg 300w, https:\/\/talk.nordea.se\/privatebanking\/wp-content\/uploads\/2020\/08\/6-dsc4606-edit-768x513.jpg 768w, https:\/\/talk.nordea.se\/privatebanking\/wp-content\/uploads\/2020\/08\/6-dsc4606-edit-240x160.jpg 240w, https:\/\/talk.nordea.se\/privatebanking\/wp-content\/uploads\/2020\/08\/6-dsc4606-edit-526x351.jpg 526w, https:\/\/talk.nordea.se\/privatebanking\/wp-content\/uploads\/2020\/08\/6-dsc4606-edit-720x481.jpg 720w\" sizes=\"auto, (max-width: 960px) 100vw, 960px\" \/><\/figure>\n\n\n\n<p>Inte heller i Norden har j\u00e4mst\u00e4lldhet uppn\u00e5tts och inte minst visar coronakrisen p\u00e5 \u00f6kat v\u00e5ld mot kvinnor och or\u00e4ttvisa villkor i v\u00e5rd och omsorg. Sk\u00e4let till att kvinnor h\u00e5lls tillbaka \u00e4r brist p\u00e5 investeringar. Det har gjorts genusanalyser som visar p\u00e5 att n\u00e4r ett samh\u00e4lle blir h\u00e5llbart \u00e4ven f\u00f6r kvinnor s\u00e5 l\u00f6ser det en massa andra problem. D\u00e4rf\u00f6r \u00e4r det obegripligt att 75 procent av v\u00e4rldens parlamentariker \u00e4r av manligt k\u00f6n, \u00e4ven om den kvinnliga representationen i Norden \u00e4r b\u00e4ttre. Var hittar de alla m\u00e4n?<\/p>\n\n\n\n<p><strong>Vad kan vi l\u00e4ra oss av coronakrisen?<\/strong><\/p>\n\n\n\n<p>\u2013 Det har blivit \u00e4nnu tydligare hur viktiga kvinnors inkomster \u00e4r f\u00f6r att h\u00e5lla ihop samh\u00e4llen och familjer. Och \u00e4ven om det ibland \u00e4r sm\u00e5 inkomster, som st\u00e4djobb, tillf\u00e4lliga anst\u00e4llningar p\u00e5 ett fik eller tre s\u00e5lda citroner p\u00e5 marknaden s\u00e5 h\u00e5ller det ihop byar och lokalsamh\u00e4llen. N\u00e4r de nu uteblir p\u00e5 grund av lockdowns bryts samh\u00e4llen snabbare samman, marginalerna f\u00f6rsvinner och barn blir utan mat. Detta leder till personliga katastrofer men underl\u00e4ttar ocks\u00e5 f\u00f6r till exempel terrorister att erbjuda \u201dskydd och service\u201d i utbyte mot skr\u00e4ckv\u00e4lden.&nbsp;<\/p>\n\n\n\n<p>V\u00e5ldet mot kvinnor har \u00f6kat under isoleringen i de flesta av v\u00e4rldens l\u00e4nder. Vi st\u00f6djer regeringar och kommuner i att etablera telefonlinjer, skyddade boenden, \u201dkodord\u201d som kan anv\u00e4ndas p\u00e5 till exempel apotek f\u00f6r att f\u00e5 hj\u00e4lp och f\u00f6r ett fungerande polisv\u00e4sen och en r\u00e4ttskedja \u00e4ven under pandemin.<\/p>\n\n\n\n<p>Krisen har visat att ensam inte \u00e4r stark. Vissa l\u00e4nder har valt att st\u00e4nga om sig men vi inser alltmer att vi h\u00f6r ihop och beh\u00f6ver varandra. Vi m\u00e5ste visa empati och solidaritet. Framf\u00f6r allt i l\u00e4nder som saknar sociala skyddsn\u00e4t.<\/p>\n\n\n\n<p><strong>Var h\u00e4mtar du sj\u00e4lv kraft?<\/strong><\/p>\n\n\n\n<p>\u2013&nbsp;Sedan jag var 20 \u00e5r springer jag n\u00e4stan varje dag. Helst \u00e5tta kilometer, vilket tar ungef\u00e4r trekvart. Eftersom jag \u00e4r morgonpigg och kv\u00e4llstr\u00f6tt g\u00e5r jag upp 05.15 och springer. Oavsett om jag \u00e4r i Mexico City eller Kapstaden. Det \u00e4r mitt s\u00e4tt att sortera tankar och vara f\u00f6r mig sj\u00e4lv. Jag beh\u00f6ver endorfinp\u00e5slaget. Om jag inte springer blir jag gn\u00e4llig.<\/p>\n\n\n\n<p class=\"has-small-font-size\"><strong>Text: <\/strong>Alexandra Pascalidou &nbsp; <strong>Foto: <\/strong>Martin Adolfsson<\/p>\n","protected":false},"excerpt":{"rendered":"<p>\u00c5sa Regn\u00e9r \u00e4r ministern som hoppade av f\u00f6r att satsa p\u00e5 en internationell karri\u00e4r...<\/p>\n","protected":false},"author":2,"featured_media":3569,"comment_status":"closed","ping_status":"closed","sticky":false,"template":"","format":"standard","meta":{"_acf_changed":false,"footnotes":""},"categories":[8],"tags":[252,14],"class_list":["post-3568","post","type-post","status-publish","format-standard","has-post-thumbnail","hentry","category-personligt","tag-asa-regner","tag-personligt"],"acf":[],"yoast_head":"<!-- This site is optimized with the Yoast SEO plugin v27.4 - https:\/\/yoast.com\/product\/yoast-seo-wordpress\/ -->\n<title>I r\u00e4ttvisans tj\u00e4nst - Talk with Nordea Private Banking<\/title>\n<meta name=\"robots\" content=\"index, follow, max-snippet:-1, max-image-preview:large, max-video-preview:-1\" \/>\n<link rel=\"canonical\" href=\"https:\/\/talk.nordea.se\/privatebanking\/i-rattvisans-tjanst\/\" \/>\n<meta property=\"og:locale\" content=\"sv_SE\" \/>\n<meta property=\"og:type\" content=\"article\" \/>\n<meta property=\"og:title\" content=\"I r\u00e4ttvisans tj\u00e4nst - Talk with Nordea Private Banking\" \/>\n<meta property=\"og:description\" content=\"\u00c5sa Regn\u00e9r \u00e4r ministern som hoppade av f\u00f6r att satsa p\u00e5 en internationell karri\u00e4r...\" \/>\n<meta property=\"og:url\" content=\"https:\/\/talk.nordea.se\/privatebanking\/i-rattvisans-tjanst\/\" \/>\n<meta property=\"og:site_name\" content=\"Talk with Nordea Private Banking\" \/>\n<meta property=\"article:published_time\" content=\"2020-08-03T16:29:26+00:00\" \/>\n<meta property=\"article:modified_time\" content=\"2020-09-30T11:07:59+00:00\" \/>\n<meta property=\"og:image\" content=\"https:\/\/talk.nordea.se\/privatebanking\/wp-content\/uploads\/2020\/08\/1-dsc4649-edit.jpg\" \/>\n\t<meta property=\"og:image:width\" content=\"960\" \/>\n\t<meta property=\"og:image:height\" content=\"640\" \/>\n\t<meta property=\"og:image:type\" content=\"image\/jpeg\" \/>\n<meta name=\"author\" content=\"kairistila\" \/>\n<meta name=\"twitter:card\" content=\"summary_large_image\" \/>\n<meta name=\"twitter:label1\" content=\"Skriven av\" \/>\n\t<meta name=\"twitter:data1\" content=\"kairistila\" \/>\n\t<meta name=\"twitter:label2\" content=\"Ber\u00e4knad l\u00e4stid\" \/>\n\t<meta name=\"twitter:data2\" content=\"12 minuter\" \/>\n<script type=\"application\/ld+json\" class=\"yoast-schema-graph\">{\"@context\":\"https:\\\/\\\/schema.org\",\"@graph\":[{\"@type\":\"Article\",\"@id\":\"https:\\\/\\\/talk.nordea.se\\\/privatebanking\\\/i-rattvisans-tjanst\\\/#article\",\"isPartOf\":{\"@id\":\"https:\\\/\\\/talk.nordea.se\\\/privatebanking\\\/i-rattvisans-tjanst\\\/\"},\"author\":{\"name\":\"kairistila\",\"@id\":\"https:\\\/\\\/talk.nordea.se\\\/privatebanking\\\/#\\\/schema\\\/person\\\/43e0be4ffef10b914d4ee31d1c384b60\"},\"headline\":\"I r\u00e4ttvisans tj\u00e4nst\",\"datePublished\":\"2020-08-03T16:29:26+00:00\",\"dateModified\":\"2020-09-30T11:07:59+00:00\",\"mainEntityOfPage\":{\"@id\":\"https:\\\/\\\/talk.nordea.se\\\/privatebanking\\\/i-rattvisans-tjanst\\\/\"},\"wordCount\":2446,\"image\":{\"@id\":\"https:\\\/\\\/talk.nordea.se\\\/privatebanking\\\/i-rattvisans-tjanst\\\/#primaryimage\"},\"thumbnailUrl\":\"https:\\\/\\\/talk.nordea.se\\\/privatebanking\\\/wp-content\\\/uploads\\\/2020\\\/08\\\/1-dsc4649-edit.jpg\",\"keywords\":[\"\u00c5sa Regn\u00e9r\",\"Personligt\"],\"articleSection\":[\"Personligt\"],\"inLanguage\":\"sv-SE\"},{\"@type\":\"WebPage\",\"@id\":\"https:\\\/\\\/talk.nordea.se\\\/privatebanking\\\/i-rattvisans-tjanst\\\/\",\"url\":\"https:\\\/\\\/talk.nordea.se\\\/privatebanking\\\/i-rattvisans-tjanst\\\/\",\"name\":\"I r\u00e4ttvisans tj\u00e4nst - Talk with Nordea Private Banking\",\"isPartOf\":{\"@id\":\"https:\\\/\\\/talk.nordea.se\\\/privatebanking\\\/#website\"},\"primaryImageOfPage\":{\"@id\":\"https:\\\/\\\/talk.nordea.se\\\/privatebanking\\\/i-rattvisans-tjanst\\\/#primaryimage\"},\"image\":{\"@id\":\"https:\\\/\\\/talk.nordea.se\\\/privatebanking\\\/i-rattvisans-tjanst\\\/#primaryimage\"},\"thumbnailUrl\":\"https:\\\/\\\/talk.nordea.se\\\/privatebanking\\\/wp-content\\\/uploads\\\/2020\\\/08\\\/1-dsc4649-edit.jpg\",\"datePublished\":\"2020-08-03T16:29:26+00:00\",\"dateModified\":\"2020-09-30T11:07:59+00:00\",\"author\":{\"@id\":\"https:\\\/\\\/talk.nordea.se\\\/privatebanking\\\/#\\\/schema\\\/person\\\/43e0be4ffef10b914d4ee31d1c384b60\"},\"breadcrumb\":{\"@id\":\"https:\\\/\\\/talk.nordea.se\\\/privatebanking\\\/i-rattvisans-tjanst\\\/#breadcrumb\"},\"inLanguage\":\"sv-SE\",\"potentialAction\":[{\"@type\":\"ReadAction\",\"target\":[\"https:\\\/\\\/talk.nordea.se\\\/privatebanking\\\/i-rattvisans-tjanst\\\/\"]}]},{\"@type\":\"ImageObject\",\"inLanguage\":\"sv-SE\",\"@id\":\"https:\\\/\\\/talk.nordea.se\\\/privatebanking\\\/i-rattvisans-tjanst\\\/#primaryimage\",\"url\":\"https:\\\/\\\/talk.nordea.se\\\/privatebanking\\\/wp-content\\\/uploads\\\/2020\\\/08\\\/1-dsc4649-edit.jpg\",\"contentUrl\":\"https:\\\/\\\/talk.nordea.se\\\/privatebanking\\\/wp-content\\\/uploads\\\/2020\\\/08\\\/1-dsc4649-edit.jpg\",\"width\":960,\"height\":640,\"caption\":\"\u00c5sa Regn\u00e9r var tidigare svensk j\u00e4mst\u00e4lldhetsminister. Numera \u00e4r basen New York men som assisterande generalsekreterare i FN \u00e4r hela v\u00e4rlden hennes arbetsplats.\"},{\"@type\":\"BreadcrumbList\",\"@id\":\"https:\\\/\\\/talk.nordea.se\\\/privatebanking\\\/i-rattvisans-tjanst\\\/#breadcrumb\",\"itemListElement\":[{\"@type\":\"ListItem\",\"position\":1,\"name\":\"Home\",\"item\":\"https:\\\/\\\/talk.nordea.se\\\/privatebanking\\\/\"},{\"@type\":\"ListItem\",\"position\":2,\"name\":\"I r\u00e4ttvisans tj\u00e4nst\"}]},{\"@type\":\"WebSite\",\"@id\":\"https:\\\/\\\/talk.nordea.se\\\/privatebanking\\\/#website\",\"url\":\"https:\\\/\\\/talk.nordea.se\\\/privatebanking\\\/\",\"name\":\"Talk with Nordea Private Banking\",\"description\":\"\",\"potentialAction\":[{\"@type\":\"SearchAction\",\"target\":{\"@type\":\"EntryPoint\",\"urlTemplate\":\"https:\\\/\\\/talk.nordea.se\\\/privatebanking\\\/?s={search_term_string}\"},\"query-input\":{\"@type\":\"PropertyValueSpecification\",\"valueRequired\":true,\"valueName\":\"search_term_string\"}}],\"inLanguage\":\"sv-SE\"},{\"@type\":\"Person\",\"@id\":\"https:\\\/\\\/talk.nordea.se\\\/privatebanking\\\/#\\\/schema\\\/person\\\/43e0be4ffef10b914d4ee31d1c384b60\",\"name\":\"kairistila\",\"image\":{\"@type\":\"ImageObject\",\"inLanguage\":\"sv-SE\",\"@id\":\"https:\\\/\\\/secure.gravatar.com\\\/avatar\\\/682d8aa364d89eb8cf10e1b8eceb8da43ac690bb420244e825e55e75b444beea?s=96&d=mm&r=g\",\"url\":\"https:\\\/\\\/secure.gravatar.com\\\/avatar\\\/682d8aa364d89eb8cf10e1b8eceb8da43ac690bb420244e825e55e75b444beea?s=96&d=mm&r=g\",\"contentUrl\":\"https:\\\/\\\/secure.gravatar.com\\\/avatar\\\/682d8aa364d89eb8cf10e1b8eceb8da43ac690bb420244e825e55e75b444beea?s=96&d=mm&r=g\",\"caption\":\"kairistila\"},\"url\":\"https:\\\/\\\/talk.nordea.se\\\/privatebanking\\\/author\\\/kairistila\\\/\"}]}<\/script>\n<!-- \/ Yoast SEO plugin. -->","yoast_head_json":{"title":"I r\u00e4ttvisans tj\u00e4nst - Talk with Nordea Private Banking","robots":{"index":"index","follow":"follow","max-snippet":"max-snippet:-1","max-image-preview":"max-image-preview:large","max-video-preview":"max-video-preview:-1"},"canonical":"https:\/\/talk.nordea.se\/privatebanking\/i-rattvisans-tjanst\/","og_locale":"sv_SE","og_type":"article","og_title":"I r\u00e4ttvisans tj\u00e4nst - Talk with Nordea Private Banking","og_description":"\u00c5sa Regn\u00e9r \u00e4r ministern som hoppade av f\u00f6r att satsa p\u00e5 en internationell karri\u00e4r...","og_url":"https:\/\/talk.nordea.se\/privatebanking\/i-rattvisans-tjanst\/","og_site_name":"Talk with Nordea Private Banking","article_published_time":"2020-08-03T16:29:26+00:00","article_modified_time":"2020-09-30T11:07:59+00:00","og_image":[{"width":960,"height":640,"url":"https:\/\/talk.nordea.se\/privatebanking\/wp-content\/uploads\/2020\/08\/1-dsc4649-edit.jpg","type":"image\/jpeg"}],"author":"kairistila","twitter_card":"summary_large_image","twitter_misc":{"Skriven av":"kairistila","Ber\u00e4knad l\u00e4stid":"12 minuter"},"schema":{"@context":"https:\/\/schema.org","@graph":[{"@type":"Article","@id":"https:\/\/talk.nordea.se\/privatebanking\/i-rattvisans-tjanst\/#article","isPartOf":{"@id":"https:\/\/talk.nordea.se\/privatebanking\/i-rattvisans-tjanst\/"},"author":{"name":"kairistila","@id":"https:\/\/talk.nordea.se\/privatebanking\/#\/schema\/person\/43e0be4ffef10b914d4ee31d1c384b60"},"headline":"I r\u00e4ttvisans tj\u00e4nst","datePublished":"2020-08-03T16:29:26+00:00","dateModified":"2020-09-30T11:07:59+00:00","mainEntityOfPage":{"@id":"https:\/\/talk.nordea.se\/privatebanking\/i-rattvisans-tjanst\/"},"wordCount":2446,"image":{"@id":"https:\/\/talk.nordea.se\/privatebanking\/i-rattvisans-tjanst\/#primaryimage"},"thumbnailUrl":"https:\/\/talk.nordea.se\/privatebanking\/wp-content\/uploads\/2020\/08\/1-dsc4649-edit.jpg","keywords":["\u00c5sa Regn\u00e9r","Personligt"],"articleSection":["Personligt"],"inLanguage":"sv-SE"},{"@type":"WebPage","@id":"https:\/\/talk.nordea.se\/privatebanking\/i-rattvisans-tjanst\/","url":"https:\/\/talk.nordea.se\/privatebanking\/i-rattvisans-tjanst\/","name":"I r\u00e4ttvisans tj\u00e4nst - Talk with Nordea Private Banking","isPartOf":{"@id":"https:\/\/talk.nordea.se\/privatebanking\/#website"},"primaryImageOfPage":{"@id":"https:\/\/talk.nordea.se\/privatebanking\/i-rattvisans-tjanst\/#primaryimage"},"image":{"@id":"https:\/\/talk.nordea.se\/privatebanking\/i-rattvisans-tjanst\/#primaryimage"},"thumbnailUrl":"https:\/\/talk.nordea.se\/privatebanking\/wp-content\/uploads\/2020\/08\/1-dsc4649-edit.jpg","datePublished":"2020-08-03T16:29:26+00:00","dateModified":"2020-09-30T11:07:59+00:00","author":{"@id":"https:\/\/talk.nordea.se\/privatebanking\/#\/schema\/person\/43e0be4ffef10b914d4ee31d1c384b60"},"breadcrumb":{"@id":"https:\/\/talk.nordea.se\/privatebanking\/i-rattvisans-tjanst\/#breadcrumb"},"inLanguage":"sv-SE","potentialAction":[{"@type":"ReadAction","target":["https:\/\/talk.nordea.se\/privatebanking\/i-rattvisans-tjanst\/"]}]},{"@type":"ImageObject","inLanguage":"sv-SE","@id":"https:\/\/talk.nordea.se\/privatebanking\/i-rattvisans-tjanst\/#primaryimage","url":"https:\/\/talk.nordea.se\/privatebanking\/wp-content\/uploads\/2020\/08\/1-dsc4649-edit.jpg","contentUrl":"https:\/\/talk.nordea.se\/privatebanking\/wp-content\/uploads\/2020\/08\/1-dsc4649-edit.jpg","width":960,"height":640,"caption":"\u00c5sa Regn\u00e9r var tidigare svensk j\u00e4mst\u00e4lldhetsminister. Numera \u00e4r basen New York men som assisterande generalsekreterare i FN \u00e4r hela v\u00e4rlden hennes arbetsplats."},{"@type":"BreadcrumbList","@id":"https:\/\/talk.nordea.se\/privatebanking\/i-rattvisans-tjanst\/#breadcrumb","itemListElement":[{"@type":"ListItem","position":1,"name":"Home","item":"https:\/\/talk.nordea.se\/privatebanking\/"},{"@type":"ListItem","position":2,"name":"I r\u00e4ttvisans tj\u00e4nst"}]},{"@type":"WebSite","@id":"https:\/\/talk.nordea.se\/privatebanking\/#website","url":"https:\/\/talk.nordea.se\/privatebanking\/","name":"Talk with Nordea Private Banking","description":"","potentialAction":[{"@type":"SearchAction","target":{"@type":"EntryPoint","urlTemplate":"https:\/\/talk.nordea.se\/privatebanking\/?s={search_term_string}"},"query-input":{"@type":"PropertyValueSpecification","valueRequired":true,"valueName":"search_term_string"}}],"inLanguage":"sv-SE"},{"@type":"Person","@id":"https:\/\/talk.nordea.se\/privatebanking\/#\/schema\/person\/43e0be4ffef10b914d4ee31d1c384b60","name":"kairistila","image":{"@type":"ImageObject","inLanguage":"sv-SE","@id":"https:\/\/secure.gravatar.com\/avatar\/682d8aa364d89eb8cf10e1b8eceb8da43ac690bb420244e825e55e75b444beea?s=96&d=mm&r=g","url":"https:\/\/secure.gravatar.com\/avatar\/682d8aa364d89eb8cf10e1b8eceb8da43ac690bb420244e825e55e75b444beea?s=96&d=mm&r=g","contentUrl":"https:\/\/secure.gravatar.com\/avatar\/682d8aa364d89eb8cf10e1b8eceb8da43ac690bb420244e825e55e75b444beea?s=96&d=mm&r=g","caption":"kairistila"},"url":"https:\/\/talk.nordea.se\/privatebanking\/author\/kairistila\/"}]}},"_links":{"self":[{"href":"https:\/\/talk.nordea.se\/privatebanking\/wp-json\/wp\/v2\/posts\/3568","targetHints":{"allow":["GET"]}}],"collection":[{"href":"https:\/\/talk.nordea.se\/privatebanking\/wp-json\/wp\/v2\/posts"}],"about":[{"href":"https:\/\/talk.nordea.se\/privatebanking\/wp-json\/wp\/v2\/types\/post"}],"author":[{"embeddable":true,"href":"https:\/\/talk.nordea.se\/privatebanking\/wp-json\/wp\/v2\/users\/2"}],"replies":[{"embeddable":true,"href":"https:\/\/talk.nordea.se\/privatebanking\/wp-json\/wp\/v2\/comments?post=3568"}],"version-history":[{"count":17,"href":"https:\/\/talk.nordea.se\/privatebanking\/wp-json\/wp\/v2\/posts\/3568\/revisions"}],"predecessor-version":[{"id":3985,"href":"https:\/\/talk.nordea.se\/privatebanking\/wp-json\/wp\/v2\/posts\/3568\/revisions\/3985"}],"wp:featuredmedia":[{"embeddable":true,"href":"https:\/\/talk.nordea.se\/privatebanking\/wp-json\/wp\/v2\/media\/3569"}],"wp:attachment":[{"href":"https:\/\/talk.nordea.se\/privatebanking\/wp-json\/wp\/v2\/media?parent=3568"}],"wp:term":[{"taxonomy":"category","embeddable":true,"href":"https:\/\/talk.nordea.se\/privatebanking\/wp-json\/wp\/v2\/categories?post=3568"},{"taxonomy":"post_tag","embeddable":true,"href":"https:\/\/talk.nordea.se\/privatebanking\/wp-json\/wp\/v2\/tags?post=3568"}],"curies":[{"name":"wp","href":"https:\/\/api.w.org\/{rel}","templated":true}]}}