




{"id":21461,"date":"2026-04-27T11:00:41","date_gmt":"2026-04-27T09:00:41","guid":{"rendered":"https:\/\/talk.nordea.se\/privatebanking\/?p=21461"},"modified":"2026-04-27T15:55:02","modified_gmt":"2026-04-27T13:55:02","slug":"alla-vill-till-almedalen","status":"publish","type":"post","link":"https:\/\/talk.nordea.se\/privatebanking\/alla-vill-till-almedalen\/","title":{"rendered":"Alla vill till Almedalen"},"content":{"rendered":"\n<p>Den 22\u201326 juni genomf\u00f6rs \u00e5rets Almedalsvecka, fem intensiva dagar inriktade p\u00e5 demokrati och politik, inte minst i \u00e5r d\u00e5 det \u00e4r val\u00e5r. Men veckan inneb\u00e4r s\u00e5 mycket mer!<\/p>\n\n\n\n<p>\u00d6ver 1 000 arrang\u00f6rer ordnar mer \u00e4n 2 000 evenemang runt om i Visby som \u00e4r \u00f6ppna f\u00f6r alla och kostnadsfria att delta i. Majoriteten av dem finns med i det officiella programmet. Ut\u00f6ver det p\u00e5g\u00e5r det \u00e4ven slutna evenemang, f\u00f6rest\u00e4llningar och andra happenings. Men framf\u00f6r allt intr\u00e4ffar otroligt m\u00e5nga spontana, men ocks\u00e5 planerade, m\u00f6ten i Visby under dessa dagar.<\/p>\n\n\n\n<figure class=\"wp-block-image size-large is-style-wide-image\"><img loading=\"lazy\" decoding=\"async\" width=\"1024\" height=\"1024\" src=\"https:\/\/talk.nordea.se\/privatebanking\/wp-content\/uploads\/2026\/04\/mot-oss-i-monter-1024x1024.jpg\" alt=\"Maria Smith och hennes kollegor\" class=\"wp-image-21465\" srcset=\"https:\/\/talk.nordea.se\/privatebanking\/wp-content\/uploads\/2026\/04\/mot-oss-i-monter-1024x1024.jpg 1024w, https:\/\/talk.nordea.se\/privatebanking\/wp-content\/uploads\/2026\/04\/mot-oss-i-monter-300x300.jpg 300w, https:\/\/talk.nordea.se\/privatebanking\/wp-content\/uploads\/2026\/04\/mot-oss-i-monter-150x150.jpg 150w, https:\/\/talk.nordea.se\/privatebanking\/wp-content\/uploads\/2026\/04\/mot-oss-i-monter-768x768.jpg 768w, https:\/\/talk.nordea.se\/privatebanking\/wp-content\/uploads\/2026\/04\/mot-oss-i-monter-160x160.jpg 160w, https:\/\/talk.nordea.se\/privatebanking\/wp-content\/uploads\/2026\/04\/mot-oss-i-monter-526x526.jpg 526w, https:\/\/talk.nordea.se\/privatebanking\/wp-content\/uploads\/2026\/04\/mot-oss-i-monter-720x720.jpg 720w, https:\/\/talk.nordea.se\/privatebanking\/wp-content\/uploads\/2026\/04\/mot-oss-i-monter-960x960.jpg 960w, https:\/\/talk.nordea.se\/privatebanking\/wp-content\/uploads\/2026\/04\/mot-oss-i-monter.jpg 1080w\" sizes=\"auto, (max-width: 1024px) 100vw, 1024px\" \/><figcaption class=\"wp-element-caption\">\u00c4ven i \u00e5r kommer Maria Smith och hennes kollegor fr\u00e5n Nordea Startup & Growth vara redo att tr\u00e4ffa entrepren\u00f6rer som vill pitcha bra f\u00f6retagsid\u00e9er. <\/figcaption><\/figure>\n\n\n\n<p>N\u00e5got som kommer att uppm\u00e4rksammas s\u00e4rskilt i \u00e5r \u00e4r omv\u00e4rldsl\u00e4get. I programmet finns flera seminarier inplanerade som tar upp fr\u00e5gor om motst\u00e5ndskraft, kris och krig, s\u00e4kerhet och totalf\u00f6rsvar. &nbsp;&nbsp;<\/p>\n\n\n\n<p>Nordea deltar i flera evenemang, bland annat p\u00e5 Techarenan d\u00e4r konkurrenskraft, innovation och entrepren\u00f6rskap st\u00e5r i fokus. D\u00e4r kommer Annika Winsth att leda ett samtal om Sverige som exportland. P\u00e5 samma arena finns ocks\u00e5 Nordea Startup &amp; Growth, som st\u00f6ttar skalbara techbolag och som kommer att utse vinnaren till Nordea Social Impact Award.<\/p>\n\n\n\n<figure class=\"wp-block-image size-large\"><img loading=\"lazy\" decoding=\"async\" width=\"1024\" height=\"1024\" src=\"https:\/\/talk.nordea.se\/privatebanking\/wp-content\/uploads\/2026\/04\/startbild-kaffe-1024x1024.jpg\" alt=\"h\u00e4ller up en kopp kaffe\" class=\"wp-image-21466\" srcset=\"https:\/\/talk.nordea.se\/privatebanking\/wp-content\/uploads\/2026\/04\/startbild-kaffe-1024x1024.jpg 1024w, https:\/\/talk.nordea.se\/privatebanking\/wp-content\/uploads\/2026\/04\/startbild-kaffe-300x300.jpg 300w, https:\/\/talk.nordea.se\/privatebanking\/wp-content\/uploads\/2026\/04\/startbild-kaffe-150x150.jpg 150w, https:\/\/talk.nordea.se\/privatebanking\/wp-content\/uploads\/2026\/04\/startbild-kaffe-768x768.jpg 768w, https:\/\/talk.nordea.se\/privatebanking\/wp-content\/uploads\/2026\/04\/startbild-kaffe-160x160.jpg 160w, https:\/\/talk.nordea.se\/privatebanking\/wp-content\/uploads\/2026\/04\/startbild-kaffe-526x526.jpg 526w, https:\/\/talk.nordea.se\/privatebanking\/wp-content\/uploads\/2026\/04\/startbild-kaffe-720x720.jpg 720w, https:\/\/talk.nordea.se\/privatebanking\/wp-content\/uploads\/2026\/04\/startbild-kaffe-960x960.jpg 960w, https:\/\/talk.nordea.se\/privatebanking\/wp-content\/uploads\/2026\/04\/startbild-kaffe.jpg 1080w\" sizes=\"auto, (max-width: 1024px) 100vw, 1024px\" \/><figcaption class=\"wp-element-caption\">Passa p\u00e5 att ta en kopp kaffe med Nordea i Dr\u00f6mcaf\u00e9et p\u00e5 Techarenan. <\/figcaption><\/figure>\n\n\n\n<p>Dessutom \u00e4r flera av Nordeas talespersoner p\u00e5 plats i Visby f\u00f6r att samtala kring \u00e4mnen som entrepren\u00f6rskap, ESG, filantropi, familjejuridik, j\u00e4mst\u00e4lldhet, AI och arbetsliv, motst\u00e5ndskraft samt finansiell h\u00e4lsa f\u00f6r unga. Omr\u00e5den som tillsammans driver ett starkare Sverige AB.<\/p>\n\n\n\n<p>\u00c4r du p\u00e5 i Visby, kom g\u00e4rna f\u00f6rbi Techarenan vid Wisby Strand Congress och ta en kopp kaffe i Nordeas dr\u00f6mcaf\u00e9!<\/p>\n\n\n\n<p><a href=\"https:\/\/almedalsveckan.info\/rg\/almedalsveckan\/officiellt-program\/program-2026\" target=\"_blank\" rel=\"noreferrer noopener\">H\u00e4r hittar du hela veckans officiella program f\u00f6r Almedalen 2026.<\/a><\/p>\n\n\n\n<figure class=\"wp-block-image size-large is-style-wide-image\"><img loading=\"lazy\" decoding=\"async\" width=\"1024\" height=\"672\" src=\"https:\/\/talk.nordea.se\/privatebanking\/wp-content\/uploads\/2026\/04\/20240625-startup-gruppbild-gn-6x7a8097-retusch-1024x672.jpg\" alt=\"Nordeas stora delegation som medverkade i Almedalen \u00e5r 2025.\" class=\"wp-image-21462\" srcset=\"https:\/\/talk.nordea.se\/privatebanking\/wp-content\/uploads\/2026\/04\/20240625-startup-gruppbild-gn-6x7a8097-retusch-1024x672.jpg 1024w, https:\/\/talk.nordea.se\/privatebanking\/wp-content\/uploads\/2026\/04\/20240625-startup-gruppbild-gn-6x7a8097-retusch-300x197.jpg 300w, https:\/\/talk.nordea.se\/privatebanking\/wp-content\/uploads\/2026\/04\/20240625-startup-gruppbild-gn-6x7a8097-retusch-768x504.jpg 768w, https:\/\/talk.nordea.se\/privatebanking\/wp-content\/uploads\/2026\/04\/20240625-startup-gruppbild-gn-6x7a8097-retusch-244x160.jpg 244w, https:\/\/talk.nordea.se\/privatebanking\/wp-content\/uploads\/2026\/04\/20240625-startup-gruppbild-gn-6x7a8097-retusch-526x345.jpg 526w, https:\/\/talk.nordea.se\/privatebanking\/wp-content\/uploads\/2026\/04\/20240625-startup-gruppbild-gn-6x7a8097-retusch-720x473.jpg 720w, https:\/\/talk.nordea.se\/privatebanking\/wp-content\/uploads\/2026\/04\/20240625-startup-gruppbild-gn-6x7a8097-retusch-960x630.jpg 960w, https:\/\/talk.nordea.se\/privatebanking\/wp-content\/uploads\/2026\/04\/20240625-startup-gruppbild-gn-6x7a8097-retusch-1140x748.jpg 1140w, https:\/\/talk.nordea.se\/privatebanking\/wp-content\/uploads\/2026\/04\/20240625-startup-gruppbild-gn-6x7a8097-retusch.jpg 1280w\" sizes=\"auto, (max-width: 1024px) 100vw, 1024px\" \/><figcaption class=\"wp-element-caption\">Nordeas stora delegation som medverkade i Almedalen \u00e5r 2025. <\/figcaption><\/figure>\n\n\n\n<p><\/p>\n","protected":false},"excerpt":{"rendered":"<p>Den 22\u201326 juni genomf\u00f6rs \u00e5rets Almedalsvecka, fem intensiva dagar inriktade p\u00e5 demokrati och politik, inte...<\/p>\n","protected":false},"author":2,"featured_media":21463,"comment_status":"closed","ping_status":"closed","sticky":false,"template":"","format":"standard","meta":{"_acf_changed":false,"footnotes":""},"categories":[9],"tags":[28,55],"class_list":["post-21461","post","type-post","status-publish","format-standard","has-post-thumbnail","hentry","category-news-and-offers","tag-nordea","tag-nyheter-erbjudanden"],"acf":[],"yoast_head":"<!-- This site is optimized with the Yoast SEO plugin v27.4 - https:\/\/yoast.com\/product\/yoast-seo-wordpress\/ -->\n<title>Alla vill till Almedalen - Talk with Nordea Private Banking<\/title>\n<meta name=\"robots\" content=\"index, follow, max-snippet:-1, max-image-preview:large, max-video-preview:-1\" \/>\n<link rel=\"canonical\" href=\"https:\/\/talk.nordea.se\/privatebanking\/alla-vill-till-almedalen\/\" \/>\n<meta property=\"og:locale\" content=\"sv_SE\" \/>\n<meta property=\"og:type\" content=\"article\" \/>\n<meta property=\"og:title\" content=\"Alla vill till Almedalen - Talk with Nordea Private Banking\" \/>\n<meta property=\"og:description\" content=\"Den 22\u201326 juni genomf\u00f6rs \u00e5rets Almedalsvecka, fem intensiva dagar inriktade p\u00e5 demokrati och politik, inte...\" \/>\n<meta property=\"og:url\" content=\"https:\/\/talk.nordea.se\/privatebanking\/alla-vill-till-almedalen\/\" \/>\n<meta property=\"og:site_name\" content=\"Talk with Nordea Private Banking\" \/>\n<meta property=\"article:published_time\" content=\"2026-04-27T09:00:41+00:00\" \/>\n<meta property=\"article:modified_time\" content=\"2026-04-27T13:55:02+00:00\" \/>\n<meta property=\"og:image\" content=\"https:\/\/talk.nordea.se\/privatebanking\/wp-content\/uploads\/2026\/04\/20240626-panel-greentech-gn-6x7a8954.jpg\" \/>\n\t<meta property=\"og:image:width\" content=\"1080\" \/>\n\t<meta property=\"og:image:height\" content=\"810\" \/>\n\t<meta property=\"og:image:type\" content=\"image\/jpeg\" \/>\n<meta name=\"author\" content=\"kairistila\" \/>\n<meta name=\"twitter:card\" content=\"summary_large_image\" \/>\n<meta name=\"twitter:label1\" content=\"Skriven av\" \/>\n\t<meta name=\"twitter:data1\" content=\"kairistila\" \/>\n\t<meta name=\"twitter:label2\" content=\"Ber\u00e4knad l\u00e4stid\" \/>\n\t<meta name=\"twitter:data2\" content=\"3 minuter\" \/>\n<script type=\"application\/ld+json\" class=\"yoast-schema-graph\">{\"@context\":\"https:\\\/\\\/schema.org\",\"@graph\":[{\"@type\":\"Article\",\"@id\":\"https:\\\/\\\/talk.nordea.se\\\/privatebanking\\\/alla-vill-till-almedalen\\\/#article\",\"isPartOf\":{\"@id\":\"https:\\\/\\\/talk.nordea.se\\\/privatebanking\\\/alla-vill-till-almedalen\\\/\"},\"author\":{\"name\":\"kairistila\",\"@id\":\"https:\\\/\\\/talk.nordea.se\\\/privatebanking\\\/#\\\/schema\\\/person\\\/43e0be4ffef10b914d4ee31d1c384b60\"},\"headline\":\"Alla vill till Almedalen\",\"datePublished\":\"2026-04-27T09:00:41+00:00\",\"dateModified\":\"2026-04-27T13:55:02+00:00\",\"mainEntityOfPage\":{\"@id\":\"https:\\\/\\\/talk.nordea.se\\\/privatebanking\\\/alla-vill-till-almedalen\\\/\"},\"wordCount\":330,\"image\":{\"@id\":\"https:\\\/\\\/talk.nordea.se\\\/privatebanking\\\/alla-vill-till-almedalen\\\/#primaryimage\"},\"thumbnailUrl\":\"https:\\\/\\\/talk.nordea.se\\\/privatebanking\\\/wp-content\\\/uploads\\\/2026\\\/04\\\/20240626-panel-greentech-gn-6x7a8954.jpg\",\"keywords\":[\"nordea\",\"Nyheter &amp; Erbjudanden\"],\"articleSection\":[\"Nyheter &amp; Erbjudanden\"],\"inLanguage\":\"sv-SE\"},{\"@type\":\"WebPage\",\"@id\":\"https:\\\/\\\/talk.nordea.se\\\/privatebanking\\\/alla-vill-till-almedalen\\\/\",\"url\":\"https:\\\/\\\/talk.nordea.se\\\/privatebanking\\\/alla-vill-till-almedalen\\\/\",\"name\":\"Alla vill till Almedalen - Talk with Nordea Private Banking\",\"isPartOf\":{\"@id\":\"https:\\\/\\\/talk.nordea.se\\\/privatebanking\\\/#website\"},\"primaryImageOfPage\":{\"@id\":\"https:\\\/\\\/talk.nordea.se\\\/privatebanking\\\/alla-vill-till-almedalen\\\/#primaryimage\"},\"image\":{\"@id\":\"https:\\\/\\\/talk.nordea.se\\\/privatebanking\\\/alla-vill-till-almedalen\\\/#primaryimage\"},\"thumbnailUrl\":\"https:\\\/\\\/talk.nordea.se\\\/privatebanking\\\/wp-content\\\/uploads\\\/2026\\\/04\\\/20240626-panel-greentech-gn-6x7a8954.jpg\",\"datePublished\":\"2026-04-27T09:00:41+00:00\",\"dateModified\":\"2026-04-27T13:55:02+00:00\",\"author\":{\"@id\":\"https:\\\/\\\/talk.nordea.se\\\/privatebanking\\\/#\\\/schema\\\/person\\\/43e0be4ffef10b914d4ee31d1c384b60\"},\"breadcrumb\":{\"@id\":\"https:\\\/\\\/talk.nordea.se\\\/privatebanking\\\/alla-vill-till-almedalen\\\/#breadcrumb\"},\"inLanguage\":\"sv-SE\",\"potentialAction\":[{\"@type\":\"ReadAction\",\"target\":[\"https:\\\/\\\/talk.nordea.se\\\/privatebanking\\\/alla-vill-till-almedalen\\\/\"]}]},{\"@type\":\"ImageObject\",\"inLanguage\":\"sv-SE\",\"@id\":\"https:\\\/\\\/talk.nordea.se\\\/privatebanking\\\/alla-vill-till-almedalen\\\/#primaryimage\",\"url\":\"https:\\\/\\\/talk.nordea.se\\\/privatebanking\\\/wp-content\\\/uploads\\\/2026\\\/04\\\/20240626-panel-greentech-gn-6x7a8954.jpg\",\"contentUrl\":\"https:\\\/\\\/talk.nordea.se\\\/privatebanking\\\/wp-content\\\/uploads\\\/2026\\\/04\\\/20240626-panel-greentech-gn-6x7a8954.jpg\",\"width\":1080,\"height\":810,\"caption\":\"Exteri\u00f6r fr\u00e5n Tech arena\"},{\"@type\":\"BreadcrumbList\",\"@id\":\"https:\\\/\\\/talk.nordea.se\\\/privatebanking\\\/alla-vill-till-almedalen\\\/#breadcrumb\",\"itemListElement\":[{\"@type\":\"ListItem\",\"position\":1,\"name\":\"Home\",\"item\":\"https:\\\/\\\/talk.nordea.se\\\/privatebanking\\\/\"},{\"@type\":\"ListItem\",\"position\":2,\"name\":\"Alla vill till Almedalen\"}]},{\"@type\":\"WebSite\",\"@id\":\"https:\\\/\\\/talk.nordea.se\\\/privatebanking\\\/#website\",\"url\":\"https:\\\/\\\/talk.nordea.se\\\/privatebanking\\\/\",\"name\":\"Talk with Nordea Private Banking\",\"description\":\"\",\"potentialAction\":[{\"@type\":\"SearchAction\",\"target\":{\"@type\":\"EntryPoint\",\"urlTemplate\":\"https:\\\/\\\/talk.nordea.se\\\/privatebanking\\\/?s={search_term_string}\"},\"query-input\":{\"@type\":\"PropertyValueSpecification\",\"valueRequired\":true,\"valueName\":\"search_term_string\"}}],\"inLanguage\":\"sv-SE\"},{\"@type\":\"Person\",\"@id\":\"https:\\\/\\\/talk.nordea.se\\\/privatebanking\\\/#\\\/schema\\\/person\\\/43e0be4ffef10b914d4ee31d1c384b60\",\"name\":\"kairistila\",\"image\":{\"@type\":\"ImageObject\",\"inLanguage\":\"sv-SE\",\"@id\":\"https:\\\/\\\/secure.gravatar.com\\\/avatar\\\/682d8aa364d89eb8cf10e1b8eceb8da43ac690bb420244e825e55e75b444beea?s=96&d=mm&r=g\",\"url\":\"https:\\\/\\\/secure.gravatar.com\\\/avatar\\\/682d8aa364d89eb8cf10e1b8eceb8da43ac690bb420244e825e55e75b444beea?s=96&d=mm&r=g\",\"contentUrl\":\"https:\\\/\\\/secure.gravatar.com\\\/avatar\\\/682d8aa364d89eb8cf10e1b8eceb8da43ac690bb420244e825e55e75b444beea?s=96&d=mm&r=g\",\"caption\":\"kairistila\"},\"url\":\"https:\\\/\\\/talk.nordea.se\\\/privatebanking\\\/author\\\/kairistila\\\/\"}]}<\/script>\n<!-- \/ Yoast SEO plugin. -->","yoast_head_json":{"title":"Alla vill till Almedalen - Talk with Nordea Private Banking","robots":{"index":"index","follow":"follow","max-snippet":"max-snippet:-1","max-image-preview":"max-image-preview:large","max-video-preview":"max-video-preview:-1"},"canonical":"https:\/\/talk.nordea.se\/privatebanking\/alla-vill-till-almedalen\/","og_locale":"sv_SE","og_type":"article","og_title":"Alla vill till Almedalen - Talk with Nordea Private Banking","og_description":"Den 22\u201326 juni genomf\u00f6rs \u00e5rets Almedalsvecka, fem intensiva dagar inriktade p\u00e5 demokrati och politik, inte...","og_url":"https:\/\/talk.nordea.se\/privatebanking\/alla-vill-till-almedalen\/","og_site_name":"Talk with Nordea Private Banking","article_published_time":"2026-04-27T09:00:41+00:00","article_modified_time":"2026-04-27T13:55:02+00:00","og_image":[{"width":1080,"height":810,"url":"https:\/\/talk.nordea.se\/privatebanking\/wp-content\/uploads\/2026\/04\/20240626-panel-greentech-gn-6x7a8954.jpg","type":"image\/jpeg"}],"author":"kairistila","twitter_card":"summary_large_image","twitter_misc":{"Skriven av":"kairistila","Ber\u00e4knad l\u00e4stid":"3 minuter"},"schema":{"@context":"https:\/\/schema.org","@graph":[{"@type":"Article","@id":"https:\/\/talk.nordea.se\/privatebanking\/alla-vill-till-almedalen\/#article","isPartOf":{"@id":"https:\/\/talk.nordea.se\/privatebanking\/alla-vill-till-almedalen\/"},"author":{"name":"kairistila","@id":"https:\/\/talk.nordea.se\/privatebanking\/#\/schema\/person\/43e0be4ffef10b914d4ee31d1c384b60"},"headline":"Alla vill till Almedalen","datePublished":"2026-04-27T09:00:41+00:00","dateModified":"2026-04-27T13:55:02+00:00","mainEntityOfPage":{"@id":"https:\/\/talk.nordea.se\/privatebanking\/alla-vill-till-almedalen\/"},"wordCount":330,"image":{"@id":"https:\/\/talk.nordea.se\/privatebanking\/alla-vill-till-almedalen\/#primaryimage"},"thumbnailUrl":"https:\/\/talk.nordea.se\/privatebanking\/wp-content\/uploads\/2026\/04\/20240626-panel-greentech-gn-6x7a8954.jpg","keywords":["nordea","Nyheter &amp; Erbjudanden"],"articleSection":["Nyheter &amp; Erbjudanden"],"inLanguage":"sv-SE"},{"@type":"WebPage","@id":"https:\/\/talk.nordea.se\/privatebanking\/alla-vill-till-almedalen\/","url":"https:\/\/talk.nordea.se\/privatebanking\/alla-vill-till-almedalen\/","name":"Alla vill till Almedalen - Talk with Nordea Private Banking","isPartOf":{"@id":"https:\/\/talk.nordea.se\/privatebanking\/#website"},"primaryImageOfPage":{"@id":"https:\/\/talk.nordea.se\/privatebanking\/alla-vill-till-almedalen\/#primaryimage"},"image":{"@id":"https:\/\/talk.nordea.se\/privatebanking\/alla-vill-till-almedalen\/#primaryimage"},"thumbnailUrl":"https:\/\/talk.nordea.se\/privatebanking\/wp-content\/uploads\/2026\/04\/20240626-panel-greentech-gn-6x7a8954.jpg","datePublished":"2026-04-27T09:00:41+00:00","dateModified":"2026-04-27T13:55:02+00:00","author":{"@id":"https:\/\/talk.nordea.se\/privatebanking\/#\/schema\/person\/43e0be4ffef10b914d4ee31d1c384b60"},"breadcrumb":{"@id":"https:\/\/talk.nordea.se\/privatebanking\/alla-vill-till-almedalen\/#breadcrumb"},"inLanguage":"sv-SE","potentialAction":[{"@type":"ReadAction","target":["https:\/\/talk.nordea.se\/privatebanking\/alla-vill-till-almedalen\/"]}]},{"@type":"ImageObject","inLanguage":"sv-SE","@id":"https:\/\/talk.nordea.se\/privatebanking\/alla-vill-till-almedalen\/#primaryimage","url":"https:\/\/talk.nordea.se\/privatebanking\/wp-content\/uploads\/2026\/04\/20240626-panel-greentech-gn-6x7a8954.jpg","contentUrl":"https:\/\/talk.nordea.se\/privatebanking\/wp-content\/uploads\/2026\/04\/20240626-panel-greentech-gn-6x7a8954.jpg","width":1080,"height":810,"caption":"Exteri\u00f6r fr\u00e5n Tech arena"},{"@type":"BreadcrumbList","@id":"https:\/\/talk.nordea.se\/privatebanking\/alla-vill-till-almedalen\/#breadcrumb","itemListElement":[{"@type":"ListItem","position":1,"name":"Home","item":"https:\/\/talk.nordea.se\/privatebanking\/"},{"@type":"ListItem","position":2,"name":"Alla vill till Almedalen"}]},{"@type":"WebSite","@id":"https:\/\/talk.nordea.se\/privatebanking\/#website","url":"https:\/\/talk.nordea.se\/privatebanking\/","name":"Talk with Nordea Private Banking","description":"","potentialAction":[{"@type":"SearchAction","target":{"@type":"EntryPoint","urlTemplate":"https:\/\/talk.nordea.se\/privatebanking\/?s={search_term_string}"},"query-input":{"@type":"PropertyValueSpecification","valueRequired":true,"valueName":"search_term_string"}}],"inLanguage":"sv-SE"},{"@type":"Person","@id":"https:\/\/talk.nordea.se\/privatebanking\/#\/schema\/person\/43e0be4ffef10b914d4ee31d1c384b60","name":"kairistila","image":{"@type":"ImageObject","inLanguage":"sv-SE","@id":"https:\/\/secure.gravatar.com\/avatar\/682d8aa364d89eb8cf10e1b8eceb8da43ac690bb420244e825e55e75b444beea?s=96&d=mm&r=g","url":"https:\/\/secure.gravatar.com\/avatar\/682d8aa364d89eb8cf10e1b8eceb8da43ac690bb420244e825e55e75b444beea?s=96&d=mm&r=g","contentUrl":"https:\/\/secure.gravatar.com\/avatar\/682d8aa364d89eb8cf10e1b8eceb8da43ac690bb420244e825e55e75b444beea?s=96&d=mm&r=g","caption":"kairistila"},"url":"https:\/\/talk.nordea.se\/privatebanking\/author\/kairistila\/"}]}},"_links":{"self":[{"href":"https:\/\/talk.nordea.se\/privatebanking\/wp-json\/wp\/v2\/posts\/21461","targetHints":{"allow":["GET"]}}],"collection":[{"href":"https:\/\/talk.nordea.se\/privatebanking\/wp-json\/wp\/v2\/posts"}],"about":[{"href":"https:\/\/talk.nordea.se\/privatebanking\/wp-json\/wp\/v2\/types\/post"}],"author":[{"embeddable":true,"href":"https:\/\/talk.nordea.se\/privatebanking\/wp-json\/wp\/v2\/users\/2"}],"replies":[{"embeddable":true,"href":"https:\/\/talk.nordea.se\/privatebanking\/wp-json\/wp\/v2\/comments?post=21461"}],"version-history":[{"count":2,"href":"https:\/\/talk.nordea.se\/privatebanking\/wp-json\/wp\/v2\/posts\/21461\/revisions"}],"predecessor-version":[{"id":21468,"href":"https:\/\/talk.nordea.se\/privatebanking\/wp-json\/wp\/v2\/posts\/21461\/revisions\/21468"}],"wp:featuredmedia":[{"embeddable":true,"href":"https:\/\/talk.nordea.se\/privatebanking\/wp-json\/wp\/v2\/media\/21463"}],"wp:attachment":[{"href":"https:\/\/talk.nordea.se\/privatebanking\/wp-json\/wp\/v2\/media?parent=21461"}],"wp:term":[{"taxonomy":"category","embeddable":true,"href":"https:\/\/talk.nordea.se\/privatebanking\/wp-json\/wp\/v2\/categories?post=21461"},{"taxonomy":"post_tag","embeddable":true,"href":"https:\/\/talk.nordea.se\/privatebanking\/wp-json\/wp\/v2\/tags?post=21461"}],"curies":[{"name":"wp","href":"https:\/\/api.w.org\/{rel}","templated":true}]}}