




{"id":21443,"date":"2026-04-27T12:45:32","date_gmt":"2026-04-27T10:45:32","guid":{"rendered":"https:\/\/talk.nordea.se\/privatebanking\/?p=21443"},"modified":"2026-04-27T12:45:35","modified_gmt":"2026-04-27T10:45:35","slug":"vem-blir-arets-funkoprenor-2026","status":"publish","type":"post","link":"https:\/\/talk.nordea.se\/privatebanking\/vem-blir-arets-funkoprenor-2026\/","title":{"rendered":"Vem blir \u00c5rets Funkopren\u00f6r 2026?"},"content":{"rendered":"\n<p>Just nu p\u00e5g\u00e5r f\u00f6rberedelserna inf\u00f6r prisutdelningen av \u00c5rets Funkopren\u00f6r i Nordeas lokaler p\u00e5 Sm\u00e5landsgatan i Stockholm. Den 27 maj ska vinnaren koras och ytterligare tv\u00e5 finalister f\u00e5 sina priser.<\/p>\n\n\n\n<p>\u00c4nda fram till nu har allt varit mycket hemligt. Efter att ans\u00f6kningstiden gick ut i mars har juryn haft br\u00e5da dagar att utse tre finalister. Enligt kriterierna ska det handla om personer eller verksamheter som bidrar till att inkluderingen i samh\u00e4llet drivs fram\u00e5t och som erbjuder en m\u00f6jlighet f\u00f6r fler att vara delaktiga ur ett funkisperspektiv.<\/p>\n\n\n\n<p>\u2013 Det \u00e4r lika sp\u00e4nnande varje \u00e5r att g\u00e5 igenom ans\u00f6kningarna, s\u00e4rskilt som inkludering kan inneb\u00e4ra s\u00e5 vitt skilda saker. I \u00e5r har vi f\u00e5tt in fler ans\u00f6kningar \u00e4n tidigare, vilket ocks\u00e5 medf\u00f6r en st\u00f6rre bredd \u00e4n vi sett tidigare \u00e5r, ber\u00e4ttar Lotta Bourgoin, juryledamot f\u00f6r \u00c5rets Funkopren\u00f6r och chef f\u00f6r Nordea Private Banking Sverige.<\/p>\n\n\n\n<p><strong>Vad \u00e4r det ni h\u00e5ller utkik efter bland ans\u00f6kningarna?<\/strong><\/p>\n\n\n\n<p>\u2013 Fr\u00e4mst \u00e4r det bolag som g\u00f6r skillnad f\u00f6r m\u00e5lgruppen, men vi tittar ocks\u00e5 efter verksamhetens potential att v\u00e4xa och vilken p\u00e5verkan v\u00e5rt pris kan f\u00e5.<\/p>\n\n\n\n<p>H\u00e4r \u00e4r de tre nominerade finalisterna f\u00f6r \u00c5rets Funkopren\u00f6r 2026:<\/p>\n\n\n\n<ul class=\"wp-block-list\">\n<li><strong>Arbetskamraterna:<\/strong> En verksamhet som skapar fler v\u00e4gar in i arbetslivet och bidrar till \u00f6kad delaktighet, gemenskap och egen f\u00f6rs\u00f6rjning.<\/li>\n\n\n\n<li><strong>Funkity:<\/strong> En innovativ verksamhet som st\u00e4rker inkludering genom nya l\u00f6sningar med utg\u00e5ngspunkt i funktionsvariationer och tillg\u00e4nglighet.<\/li>\n\n\n\n<li><strong>WellTrips:<\/strong> Ett initiativ som kombinerar upplevelser och tillg\u00e4nglighet och g\u00f6r det m\u00f6jligt f\u00f6r fler att resa och delta p\u00e5 sina villkor.\u00a0<\/li>\n<\/ul>\n\n\n\n<figure class=\"wp-block-image size-large is-style-wide-image\"><img loading=\"lazy\" decoding=\"async\" width=\"1024\" height=\"683\" src=\"https:\/\/talk.nordea.se\/privatebanking\/wp-content\/uploads\/2026\/04\/happy-disabled-girl-clapping-while-sitting-with-siblings-1-1024x683.jpg\" alt=\"Glad handikappad flicka klappar medan hon sitter med sina syskon hemma\" class=\"wp-image-21445\" srcset=\"https:\/\/talk.nordea.se\/privatebanking\/wp-content\/uploads\/2026\/04\/happy-disabled-girl-clapping-while-sitting-with-siblings-1-1024x683.jpg 1024w, https:\/\/talk.nordea.se\/privatebanking\/wp-content\/uploads\/2026\/04\/happy-disabled-girl-clapping-while-sitting-with-siblings-1-300x200.jpg 300w, https:\/\/talk.nordea.se\/privatebanking\/wp-content\/uploads\/2026\/04\/happy-disabled-girl-clapping-while-sitting-with-siblings-1-768x512.jpg 768w, https:\/\/talk.nordea.se\/privatebanking\/wp-content\/uploads\/2026\/04\/happy-disabled-girl-clapping-while-sitting-with-siblings-1-240x160.jpg 240w, https:\/\/talk.nordea.se\/privatebanking\/wp-content\/uploads\/2026\/04\/happy-disabled-girl-clapping-while-sitting-with-siblings-1-526x351.jpg 526w, https:\/\/talk.nordea.se\/privatebanking\/wp-content\/uploads\/2026\/04\/happy-disabled-girl-clapping-while-sitting-with-siblings-1-720x480.jpg 720w, https:\/\/talk.nordea.se\/privatebanking\/wp-content\/uploads\/2026\/04\/happy-disabled-girl-clapping-while-sitting-with-siblings-1-960x640.jpg 960w, https:\/\/talk.nordea.se\/privatebanking\/wp-content\/uploads\/2026\/04\/happy-disabled-girl-clapping-while-sitting-with-siblings-1.jpg 1080w\" sizes=\"auto, (max-width: 1024px) 100vw, 1024px\" \/><\/figure>\n\n\n\n<p>Vid prisutdelningen kommer vinnaren att f\u00e5 100&nbsp;000 kronor, erbjudande om r\u00e5dgivning fr\u00e5n Nordea och m\u00f6te med en jurist. De tv\u00e5 \u00f6vriga finalisterna f\u00e5r 50&nbsp;000 kronor vardera liksom r\u00e5dgivning och m\u00f6te med en jurist.<\/p>\n\n\n\n<p><strong>Anm\u00e4lan till prisutdelningen<\/strong><\/p>\n\n\n\n<p>Prisutdelningen sker p\u00e5 Nordea, Sm\u00e5landsgatan 17 i Stockholm, onsdagen den 27 maj. D\u00f6rrarna \u00f6ppnas klockan 15:00 och scenprogrammet p\u00e5g\u00e5r fr\u00e5n 15:30 fram till 16:30. Du kan vara med fysiskt eller digitalt. F\u00f6r publik som \u00e4r med p\u00e5 plats blir det \u00e4ven mingel efter\u00e5t med tilltugg och dryck. &nbsp;<\/p>\n\n\n\n<p><a href=\"https:\/\/event.trippus.net\/Home\/Index\/AEAKgIOKrz-2Pv7LMXYJyYCKx9CzKj68soMCDoa0CLHoe8cwYvMz4eLHki0EoRvlOopD7rMJ7XM6\/AEAKgIMO3wNxDPV06eAKdFtSCZ3B3nf3sQ1SUpRMMGNjTtdAXA3XFFIQniIq_t732kaXiM3KbIPJ\/swe\" target=\"_blank\" rel=\"noreferrer noopener\">H\u00e4r kan du anm\u00e4la dig. <\/a>\u00a0<\/p>\n\n\n\n<p>L\u00e4nken g\u00e4ller b\u00e5de om du vill komma till Nordea och om du t\u00e4nker lyssna in online.<\/p>\n\n\n\n<p>Varmt v\u00e4lkommen!<\/p>\n\n\n\n<div class=\"wp-block-group has-nordea-pink-background-color has-background\"><div class=\"wp-block-group__inner-container is-layout-constrained wp-block-group-is-layout-constrained\">\n<p style=\"font-size:24px\"><strong>Juryn f\u00f6r \u00c5rets Funkopren\u00f6r 2026<\/strong><\/p>\n\n\n\n<ul class=\"wp-block-list\">\n<li>Lars Ahlenius, Arbetsmarknadsf\u00f6rvaltningen, Stockholms stad<\/li>\n\n\n\n<li>\u00c5sa Billme, strategisk r\u00e5dgivare m\u00e5ngfald och inkludering, Nordea\u00a0<\/li>\n\n\n\n<li>Lotta Bourgoin, Nordea Private Banking<\/li>\n\n\n\n<li>Peter Dalmalm, Nordea Business Banking<\/li>\n\n\n\n<li>Malin Ekman Ald\u00e9n, Institutet f\u00f6r spr\u00e5k och folkminnen<\/li>\n\n\n\n<li>Fredrik Sidhagen, Allvida<\/li>\n\n\n\n<li>Maria Smith \u2013 Nordea Startup &amp; Growth<\/li>\n\n\n\n<li>Hel\u00e9ne \u00d6berg, Prinsparets Stiftelse<\/li>\n<\/ul>\n<\/div><\/div>\n","protected":false},"excerpt":{"rendered":"<p>Just nu p\u00e5g\u00e5r f\u00f6rberedelserna inf\u00f6r prisutdelningen av \u00c5rets Funkopren\u00f6r i Nordeas lokaler p\u00e5 Sm\u00e5landsgatan i...<\/p>\n","protected":false},"author":2,"featured_media":21444,"comment_status":"closed","ping_status":"closed","sticky":false,"template":"","format":"standard","meta":{"_acf_changed":false,"footnotes":""},"categories":[9],"tags":[28,55],"class_list":["post-21443","post","type-post","status-publish","format-standard","has-post-thumbnail","hentry","category-news-and-offers","tag-nordea","tag-nyheter-erbjudanden"],"acf":[],"yoast_head":"<!-- This site is optimized with the Yoast SEO plugin v27.4 - https:\/\/yoast.com\/product\/yoast-seo-wordpress\/ -->\n<title>Vem blir \u00c5rets Funkopren\u00f6r 2026? - Talk with Nordea Private Banking<\/title>\n<meta name=\"robots\" content=\"index, follow, max-snippet:-1, max-image-preview:large, max-video-preview:-1\" \/>\n<link rel=\"canonical\" href=\"https:\/\/talk.nordea.se\/privatebanking\/vem-blir-arets-funkoprenor-2026\/\" \/>\n<meta property=\"og:locale\" content=\"sv_SE\" \/>\n<meta property=\"og:type\" content=\"article\" \/>\n<meta property=\"og:title\" content=\"Vem blir \u00c5rets Funkopren\u00f6r 2026? - Talk with Nordea Private Banking\" \/>\n<meta property=\"og:description\" content=\"Just nu p\u00e5g\u00e5r f\u00f6rberedelserna inf\u00f6r prisutdelningen av \u00c5rets Funkopren\u00f6r i Nordeas lokaler p\u00e5 Sm\u00e5landsgatan i...\" \/>\n<meta property=\"og:url\" content=\"https:\/\/talk.nordea.se\/privatebanking\/vem-blir-arets-funkoprenor-2026\/\" \/>\n<meta property=\"og:site_name\" content=\"Talk with Nordea Private Banking\" \/>\n<meta property=\"article:published_time\" content=\"2026-04-27T10:45:32+00:00\" \/>\n<meta property=\"article:modified_time\" content=\"2026-04-27T10:45:35+00:00\" \/>\n<meta property=\"og:image\" content=\"https:\/\/talk.nordea.se\/privatebanking\/wp-content\/uploads\/2026\/04\/girl-working-from-home-1.jpg\" \/>\n\t<meta property=\"og:image:width\" content=\"1080\" \/>\n\t<meta property=\"og:image:height\" content=\"720\" \/>\n\t<meta property=\"og:image:type\" content=\"image\/jpeg\" \/>\n<meta name=\"author\" content=\"kairistila\" \/>\n<meta name=\"twitter:card\" content=\"summary_large_image\" \/>\n<meta name=\"twitter:label1\" content=\"Skriven av\" \/>\n\t<meta name=\"twitter:data1\" content=\"kairistila\" \/>\n\t<meta name=\"twitter:label2\" content=\"Ber\u00e4knad l\u00e4stid\" \/>\n\t<meta name=\"twitter:data2\" content=\"3 minuter\" \/>\n<script type=\"application\/ld+json\" class=\"yoast-schema-graph\">{\"@context\":\"https:\\\/\\\/schema.org\",\"@graph\":[{\"@type\":\"Article\",\"@id\":\"https:\\\/\\\/talk.nordea.se\\\/privatebanking\\\/vem-blir-arets-funkoprenor-2026\\\/#article\",\"isPartOf\":{\"@id\":\"https:\\\/\\\/talk.nordea.se\\\/privatebanking\\\/vem-blir-arets-funkoprenor-2026\\\/\"},\"author\":{\"name\":\"kairistila\",\"@id\":\"https:\\\/\\\/talk.nordea.se\\\/privatebanking\\\/#\\\/schema\\\/person\\\/43e0be4ffef10b914d4ee31d1c384b60\"},\"headline\":\"Vem blir \u00c5rets Funkopren\u00f6r 2026?\",\"datePublished\":\"2026-04-27T10:45:32+00:00\",\"dateModified\":\"2026-04-27T10:45:35+00:00\",\"mainEntityOfPage\":{\"@id\":\"https:\\\/\\\/talk.nordea.se\\\/privatebanking\\\/vem-blir-arets-funkoprenor-2026\\\/\"},\"wordCount\":469,\"image\":{\"@id\":\"https:\\\/\\\/talk.nordea.se\\\/privatebanking\\\/vem-blir-arets-funkoprenor-2026\\\/#primaryimage\"},\"thumbnailUrl\":\"https:\\\/\\\/talk.nordea.se\\\/privatebanking\\\/wp-content\\\/uploads\\\/2026\\\/04\\\/girl-working-from-home-1.jpg\",\"keywords\":[\"nordea\",\"Nyheter &amp; Erbjudanden\"],\"articleSection\":[\"Nyheter &amp; Erbjudanden\"],\"inLanguage\":\"sv-SE\"},{\"@type\":\"WebPage\",\"@id\":\"https:\\\/\\\/talk.nordea.se\\\/privatebanking\\\/vem-blir-arets-funkoprenor-2026\\\/\",\"url\":\"https:\\\/\\\/talk.nordea.se\\\/privatebanking\\\/vem-blir-arets-funkoprenor-2026\\\/\",\"name\":\"Vem blir \u00c5rets Funkopren\u00f6r 2026? - Talk with Nordea Private Banking\",\"isPartOf\":{\"@id\":\"https:\\\/\\\/talk.nordea.se\\\/privatebanking\\\/#website\"},\"primaryImageOfPage\":{\"@id\":\"https:\\\/\\\/talk.nordea.se\\\/privatebanking\\\/vem-blir-arets-funkoprenor-2026\\\/#primaryimage\"},\"image\":{\"@id\":\"https:\\\/\\\/talk.nordea.se\\\/privatebanking\\\/vem-blir-arets-funkoprenor-2026\\\/#primaryimage\"},\"thumbnailUrl\":\"https:\\\/\\\/talk.nordea.se\\\/privatebanking\\\/wp-content\\\/uploads\\\/2026\\\/04\\\/girl-working-from-home-1.jpg\",\"datePublished\":\"2026-04-27T10:45:32+00:00\",\"dateModified\":\"2026-04-27T10:45:35+00:00\",\"author\":{\"@id\":\"https:\\\/\\\/talk.nordea.se\\\/privatebanking\\\/#\\\/schema\\\/person\\\/43e0be4ffef10b914d4ee31d1c384b60\"},\"breadcrumb\":{\"@id\":\"https:\\\/\\\/talk.nordea.se\\\/privatebanking\\\/vem-blir-arets-funkoprenor-2026\\\/#breadcrumb\"},\"inLanguage\":\"sv-SE\",\"potentialAction\":[{\"@type\":\"ReadAction\",\"target\":[\"https:\\\/\\\/talk.nordea.se\\\/privatebanking\\\/vem-blir-arets-funkoprenor-2026\\\/\"]}]},{\"@type\":\"ImageObject\",\"inLanguage\":\"sv-SE\",\"@id\":\"https:\\\/\\\/talk.nordea.se\\\/privatebanking\\\/vem-blir-arets-funkoprenor-2026\\\/#primaryimage\",\"url\":\"https:\\\/\\\/talk.nordea.se\\\/privatebanking\\\/wp-content\\\/uploads\\\/2026\\\/04\\\/girl-working-from-home-1.jpg\",\"contentUrl\":\"https:\\\/\\\/talk.nordea.se\\\/privatebanking\\\/wp-content\\\/uploads\\\/2026\\\/04\\\/girl-working-from-home-1.jpg\",\"width\":1080,\"height\":720,\"caption\":\"Leende funktionshindrad kvinna pratar i mobiltelefon medan hon tittar p\u00e5 en laptop i huset\"},{\"@type\":\"BreadcrumbList\",\"@id\":\"https:\\\/\\\/talk.nordea.se\\\/privatebanking\\\/vem-blir-arets-funkoprenor-2026\\\/#breadcrumb\",\"itemListElement\":[{\"@type\":\"ListItem\",\"position\":1,\"name\":\"Home\",\"item\":\"https:\\\/\\\/talk.nordea.se\\\/privatebanking\\\/\"},{\"@type\":\"ListItem\",\"position\":2,\"name\":\"Vem blir \u00c5rets Funkopren\u00f6r 2026?\"}]},{\"@type\":\"WebSite\",\"@id\":\"https:\\\/\\\/talk.nordea.se\\\/privatebanking\\\/#website\",\"url\":\"https:\\\/\\\/talk.nordea.se\\\/privatebanking\\\/\",\"name\":\"Talk with Nordea Private Banking\",\"description\":\"\",\"potentialAction\":[{\"@type\":\"SearchAction\",\"target\":{\"@type\":\"EntryPoint\",\"urlTemplate\":\"https:\\\/\\\/talk.nordea.se\\\/privatebanking\\\/?s={search_term_string}\"},\"query-input\":{\"@type\":\"PropertyValueSpecification\",\"valueRequired\":true,\"valueName\":\"search_term_string\"}}],\"inLanguage\":\"sv-SE\"},{\"@type\":\"Person\",\"@id\":\"https:\\\/\\\/talk.nordea.se\\\/privatebanking\\\/#\\\/schema\\\/person\\\/43e0be4ffef10b914d4ee31d1c384b60\",\"name\":\"kairistila\",\"image\":{\"@type\":\"ImageObject\",\"inLanguage\":\"sv-SE\",\"@id\":\"https:\\\/\\\/secure.gravatar.com\\\/avatar\\\/682d8aa364d89eb8cf10e1b8eceb8da43ac690bb420244e825e55e75b444beea?s=96&d=mm&r=g\",\"url\":\"https:\\\/\\\/secure.gravatar.com\\\/avatar\\\/682d8aa364d89eb8cf10e1b8eceb8da43ac690bb420244e825e55e75b444beea?s=96&d=mm&r=g\",\"contentUrl\":\"https:\\\/\\\/secure.gravatar.com\\\/avatar\\\/682d8aa364d89eb8cf10e1b8eceb8da43ac690bb420244e825e55e75b444beea?s=96&d=mm&r=g\",\"caption\":\"kairistila\"},\"url\":\"https:\\\/\\\/talk.nordea.se\\\/privatebanking\\\/author\\\/kairistila\\\/\"}]}<\/script>\n<!-- \/ Yoast SEO plugin. -->","yoast_head_json":{"title":"Vem blir \u00c5rets Funkopren\u00f6r 2026? - Talk with Nordea Private Banking","robots":{"index":"index","follow":"follow","max-snippet":"max-snippet:-1","max-image-preview":"max-image-preview:large","max-video-preview":"max-video-preview:-1"},"canonical":"https:\/\/talk.nordea.se\/privatebanking\/vem-blir-arets-funkoprenor-2026\/","og_locale":"sv_SE","og_type":"article","og_title":"Vem blir \u00c5rets Funkopren\u00f6r 2026? - Talk with Nordea Private Banking","og_description":"Just nu p\u00e5g\u00e5r f\u00f6rberedelserna inf\u00f6r prisutdelningen av \u00c5rets Funkopren\u00f6r i Nordeas lokaler p\u00e5 Sm\u00e5landsgatan i...","og_url":"https:\/\/talk.nordea.se\/privatebanking\/vem-blir-arets-funkoprenor-2026\/","og_site_name":"Talk with Nordea Private Banking","article_published_time":"2026-04-27T10:45:32+00:00","article_modified_time":"2026-04-27T10:45:35+00:00","og_image":[{"width":1080,"height":720,"url":"https:\/\/talk.nordea.se\/privatebanking\/wp-content\/uploads\/2026\/04\/girl-working-from-home-1.jpg","type":"image\/jpeg"}],"author":"kairistila","twitter_card":"summary_large_image","twitter_misc":{"Skriven av":"kairistila","Ber\u00e4knad l\u00e4stid":"3 minuter"},"schema":{"@context":"https:\/\/schema.org","@graph":[{"@type":"Article","@id":"https:\/\/talk.nordea.se\/privatebanking\/vem-blir-arets-funkoprenor-2026\/#article","isPartOf":{"@id":"https:\/\/talk.nordea.se\/privatebanking\/vem-blir-arets-funkoprenor-2026\/"},"author":{"name":"kairistila","@id":"https:\/\/talk.nordea.se\/privatebanking\/#\/schema\/person\/43e0be4ffef10b914d4ee31d1c384b60"},"headline":"Vem blir \u00c5rets Funkopren\u00f6r 2026?","datePublished":"2026-04-27T10:45:32+00:00","dateModified":"2026-04-27T10:45:35+00:00","mainEntityOfPage":{"@id":"https:\/\/talk.nordea.se\/privatebanking\/vem-blir-arets-funkoprenor-2026\/"},"wordCount":469,"image":{"@id":"https:\/\/talk.nordea.se\/privatebanking\/vem-blir-arets-funkoprenor-2026\/#primaryimage"},"thumbnailUrl":"https:\/\/talk.nordea.se\/privatebanking\/wp-content\/uploads\/2026\/04\/girl-working-from-home-1.jpg","keywords":["nordea","Nyheter &amp; Erbjudanden"],"articleSection":["Nyheter &amp; Erbjudanden"],"inLanguage":"sv-SE"},{"@type":"WebPage","@id":"https:\/\/talk.nordea.se\/privatebanking\/vem-blir-arets-funkoprenor-2026\/","url":"https:\/\/talk.nordea.se\/privatebanking\/vem-blir-arets-funkoprenor-2026\/","name":"Vem blir \u00c5rets Funkopren\u00f6r 2026? - Talk with Nordea Private Banking","isPartOf":{"@id":"https:\/\/talk.nordea.se\/privatebanking\/#website"},"primaryImageOfPage":{"@id":"https:\/\/talk.nordea.se\/privatebanking\/vem-blir-arets-funkoprenor-2026\/#primaryimage"},"image":{"@id":"https:\/\/talk.nordea.se\/privatebanking\/vem-blir-arets-funkoprenor-2026\/#primaryimage"},"thumbnailUrl":"https:\/\/talk.nordea.se\/privatebanking\/wp-content\/uploads\/2026\/04\/girl-working-from-home-1.jpg","datePublished":"2026-04-27T10:45:32+00:00","dateModified":"2026-04-27T10:45:35+00:00","author":{"@id":"https:\/\/talk.nordea.se\/privatebanking\/#\/schema\/person\/43e0be4ffef10b914d4ee31d1c384b60"},"breadcrumb":{"@id":"https:\/\/talk.nordea.se\/privatebanking\/vem-blir-arets-funkoprenor-2026\/#breadcrumb"},"inLanguage":"sv-SE","potentialAction":[{"@type":"ReadAction","target":["https:\/\/talk.nordea.se\/privatebanking\/vem-blir-arets-funkoprenor-2026\/"]}]},{"@type":"ImageObject","inLanguage":"sv-SE","@id":"https:\/\/talk.nordea.se\/privatebanking\/vem-blir-arets-funkoprenor-2026\/#primaryimage","url":"https:\/\/talk.nordea.se\/privatebanking\/wp-content\/uploads\/2026\/04\/girl-working-from-home-1.jpg","contentUrl":"https:\/\/talk.nordea.se\/privatebanking\/wp-content\/uploads\/2026\/04\/girl-working-from-home-1.jpg","width":1080,"height":720,"caption":"Leende funktionshindrad kvinna pratar i mobiltelefon medan hon tittar p\u00e5 en laptop i huset"},{"@type":"BreadcrumbList","@id":"https:\/\/talk.nordea.se\/privatebanking\/vem-blir-arets-funkoprenor-2026\/#breadcrumb","itemListElement":[{"@type":"ListItem","position":1,"name":"Home","item":"https:\/\/talk.nordea.se\/privatebanking\/"},{"@type":"ListItem","position":2,"name":"Vem blir \u00c5rets Funkopren\u00f6r 2026?"}]},{"@type":"WebSite","@id":"https:\/\/talk.nordea.se\/privatebanking\/#website","url":"https:\/\/talk.nordea.se\/privatebanking\/","name":"Talk with Nordea Private Banking","description":"","potentialAction":[{"@type":"SearchAction","target":{"@type":"EntryPoint","urlTemplate":"https:\/\/talk.nordea.se\/privatebanking\/?s={search_term_string}"},"query-input":{"@type":"PropertyValueSpecification","valueRequired":true,"valueName":"search_term_string"}}],"inLanguage":"sv-SE"},{"@type":"Person","@id":"https:\/\/talk.nordea.se\/privatebanking\/#\/schema\/person\/43e0be4ffef10b914d4ee31d1c384b60","name":"kairistila","image":{"@type":"ImageObject","inLanguage":"sv-SE","@id":"https:\/\/secure.gravatar.com\/avatar\/682d8aa364d89eb8cf10e1b8eceb8da43ac690bb420244e825e55e75b444beea?s=96&d=mm&r=g","url":"https:\/\/secure.gravatar.com\/avatar\/682d8aa364d89eb8cf10e1b8eceb8da43ac690bb420244e825e55e75b444beea?s=96&d=mm&r=g","contentUrl":"https:\/\/secure.gravatar.com\/avatar\/682d8aa364d89eb8cf10e1b8eceb8da43ac690bb420244e825e55e75b444beea?s=96&d=mm&r=g","caption":"kairistila"},"url":"https:\/\/talk.nordea.se\/privatebanking\/author\/kairistila\/"}]}},"_links":{"self":[{"href":"https:\/\/talk.nordea.se\/privatebanking\/wp-json\/wp\/v2\/posts\/21443","targetHints":{"allow":["GET"]}}],"collection":[{"href":"https:\/\/talk.nordea.se\/privatebanking\/wp-json\/wp\/v2\/posts"}],"about":[{"href":"https:\/\/talk.nordea.se\/privatebanking\/wp-json\/wp\/v2\/types\/post"}],"author":[{"embeddable":true,"href":"https:\/\/talk.nordea.se\/privatebanking\/wp-json\/wp\/v2\/users\/2"}],"replies":[{"embeddable":true,"href":"https:\/\/talk.nordea.se\/privatebanking\/wp-json\/wp\/v2\/comments?post=21443"}],"version-history":[{"count":2,"href":"https:\/\/talk.nordea.se\/privatebanking\/wp-json\/wp\/v2\/posts\/21443\/revisions"}],"predecessor-version":[{"id":21447,"href":"https:\/\/talk.nordea.se\/privatebanking\/wp-json\/wp\/v2\/posts\/21443\/revisions\/21447"}],"wp:featuredmedia":[{"embeddable":true,"href":"https:\/\/talk.nordea.se\/privatebanking\/wp-json\/wp\/v2\/media\/21444"}],"wp:attachment":[{"href":"https:\/\/talk.nordea.se\/privatebanking\/wp-json\/wp\/v2\/media?parent=21443"}],"wp:term":[{"taxonomy":"category","embeddable":true,"href":"https:\/\/talk.nordea.se\/privatebanking\/wp-json\/wp\/v2\/categories?post=21443"},{"taxonomy":"post_tag","embeddable":true,"href":"https:\/\/talk.nordea.se\/privatebanking\/wp-json\/wp\/v2\/tags?post=21443"}],"curies":[{"name":"wp","href":"https:\/\/api.w.org\/{rel}","templated":true}]}}