




{"id":18098,"date":"2025-03-24T12:07:51","date_gmt":"2025-03-24T11:07:51","guid":{"rendered":"https:\/\/talk.nordea.se\/privatebanking\/?p=18098"},"modified":"2025-03-30T19:05:44","modified_gmt":"2025-03-30T17:05:44","slug":"svensk-konstfond-i-varldens-fokus","status":"publish","type":"post","link":"https:\/\/talk.nordea.se\/privatebanking\/svensk-konstfond-i-varldens-fokus\/","title":{"rendered":"Svensk konstfond i v\u00e4rldens fokus"},"content":{"rendered":"\n<p><strong>Arte Collectum har f\u00e5tt ett stort medialt genomslag internationellt den senaste tiden. Ber\u00e4tta!<\/strong><\/p>\n\n\n\n<p>\u2013 Ja, det \u00e4r verkligen roligt att se att s\u00e5 m\u00e5nga har f\u00e5tt upp \u00f6gonen f\u00f6r v\u00e5r fond. Nyligen blev vi till exempel uppm\u00e4rksammade i Financial Times med rubriken <em>The surprising rebirth of the art investment fund<\/em>, ett reportage som handlade om konstfonder globalt och med s\u00e4rskilt fokus p\u00e5 Arte Collectum och hur vi arbetar. Fr\u00e5n v\u00e5r fondstruktur till hur vi lyfter fram kvinnor och minoriteter i kombination med utl\u00e5ning av verk till museer. Efter reportaget m\u00e4rkte vi direkt ett \u00f6kat internationellt intresse f\u00f6r v\u00e5ra tv\u00e5 fonder.<\/p>\n\n\n\n<figure class=\"wp-block-image size-large\"><img loading=\"lazy\" decoding=\"async\" width=\"1024\" height=\"683\" src=\"https:\/\/talk.nordea.se\/privatebanking\/wp-content\/uploads\/2025\/03\/jonas-hoglund-web-1024x683.jpg\" alt=\"Jonas Ho\u0308glund\" class=\"wp-image-18100\" srcset=\"https:\/\/talk.nordea.se\/privatebanking\/wp-content\/uploads\/2025\/03\/jonas-hoglund-web-1024x683.jpg 1024w, https:\/\/talk.nordea.se\/privatebanking\/wp-content\/uploads\/2025\/03\/jonas-hoglund-web-300x200.jpg 300w, https:\/\/talk.nordea.se\/privatebanking\/wp-content\/uploads\/2025\/03\/jonas-hoglund-web-768x512.jpg 768w, https:\/\/talk.nordea.se\/privatebanking\/wp-content\/uploads\/2025\/03\/jonas-hoglund-web-240x160.jpg 240w, https:\/\/talk.nordea.se\/privatebanking\/wp-content\/uploads\/2025\/03\/jonas-hoglund-web-526x351.jpg 526w, https:\/\/talk.nordea.se\/privatebanking\/wp-content\/uploads\/2025\/03\/jonas-hoglund-web-720x480.jpg 720w, https:\/\/talk.nordea.se\/privatebanking\/wp-content\/uploads\/2025\/03\/jonas-hoglund-web-960x640.jpg 960w, https:\/\/talk.nordea.se\/privatebanking\/wp-content\/uploads\/2025\/03\/jonas-hoglund-web-1140x760.jpg 1140w, https:\/\/talk.nordea.se\/privatebanking\/wp-content\/uploads\/2025\/03\/jonas-hoglund-web.jpg 1240w\" sizes=\"auto, (max-width: 1024px) 100vw, 1024px\" \/><figcaption class=\"wp-element-caption\">Jonas H\u00f6glund, medgrundare och VD i Arte Collectum.<\/figcaption><\/figure>\n\n\n\n<p><strong>Vad intresserar mest, \u00e4r det konstfonderna, konstverken eller konstn\u00e4rerna?<\/strong><\/p>\n\n\n\n<p>\u2013 Till att b\u00f6rja med s\u00e5 \u00e4r det de senaste \u00e5rens \u00f6kade intresse bland globala kapitalf\u00f6rvaltare att addera konst i portf\u00f6ljen. Enligt en Deloitte-rapport genomf\u00f6rd med ArtTactic s\u00e5 \u00e4r 90 procent av globala kapitalf\u00f6rvaltare positiva till att \u00e4ga konst som en del av portf\u00f6ljen \u2013 och 63 procent har integrerat konst i deras kapitalf\u00f6rvaltningserbjudande. I det sammanhanget lyfts v\u00e5r konstfond fram som ett intressant alternativ bland alternativa investeringar. V\u00e5r fondstruktur med egen compliance, godk\u00e4nt prospekt fr\u00e5n Finansinspektionen och notering p\u00e5 en b\u00f6rs skapar en ny form av transparens i konstv\u00e4rlden, vilket tillsammans med v\u00e5rt samarbete med bland annat Nordea, \u00e4ven intresserar m\u00e5nga journalister.<\/p>\n\n\n\n<figure class=\"wp-block-image size-large\"><img loading=\"lazy\" decoding=\"async\" width=\"1024\" height=\"768\" src=\"https:\/\/talk.nordea.se\/privatebanking\/wp-content\/uploads\/2025\/03\/victoria-and-albert-museum-shutterstock-1024x768.jpg\" alt=\"Victoria and Albert Museum\" class=\"wp-image-18101\" srcset=\"https:\/\/talk.nordea.se\/privatebanking\/wp-content\/uploads\/2025\/03\/victoria-and-albert-museum-shutterstock-1024x768.jpg 1024w, https:\/\/talk.nordea.se\/privatebanking\/wp-content\/uploads\/2025\/03\/victoria-and-albert-museum-shutterstock-300x225.jpg 300w, https:\/\/talk.nordea.se\/privatebanking\/wp-content\/uploads\/2025\/03\/victoria-and-albert-museum-shutterstock-768x576.jpg 768w, https:\/\/talk.nordea.se\/privatebanking\/wp-content\/uploads\/2025\/03\/victoria-and-albert-museum-shutterstock-213x160.jpg 213w, https:\/\/talk.nordea.se\/privatebanking\/wp-content\/uploads\/2025\/03\/victoria-and-albert-museum-shutterstock-720x540.jpg 720w, https:\/\/talk.nordea.se\/privatebanking\/wp-content\/uploads\/2025\/03\/victoria-and-albert-museum-shutterstock-526x395.jpg 526w, https:\/\/talk.nordea.se\/privatebanking\/wp-content\/uploads\/2025\/03\/victoria-and-albert-museum-shutterstock-960x720.jpg 960w, https:\/\/talk.nordea.se\/privatebanking\/wp-content\/uploads\/2025\/03\/victoria-and-albert-museum-shutterstock-1140x855.jpg 1140w, https:\/\/talk.nordea.se\/privatebanking\/wp-content\/uploads\/2025\/03\/victoria-and-albert-museum-shutterstock.jpg 1240w\" sizes=\"auto, (max-width: 1024px) 100vw, 1024px\" \/><figcaption class=\"wp-element-caption\">Victoria and Albert Museum i London \u00e4r ett av de museum som l\u00e5nar konst fr\u00e5n Arte Collectum under \u00e5ret. Bild: Shutterstock.<\/figcaption><\/figure>\n\n\n\n<p><strong>Det underl\u00e4ttar s\u00e5klart att ni \u00e4r duktiga p\u00e5 att synas, eller hur?<\/strong><\/p>\n\n\n\n<p>\u2013&nbsp;Jo, s\u00e5 \u00e4r det ju. Fr\u00e5n v\u00e5r f\u00f6rsta fond har vi hittills l\u00e5nat ut verk till tolv ledande museer och utst\u00e4llningar globalt och kommer fram\u00f6ver l\u00e5na ut verk till ytterligare nio planerade utst\u00e4llningar, d\u00e4ribland Victoria and Albert Museum i London, Fundaci\u00f3 Joan Mir\u00f3 i Barcelona och Phillips Collection i Washington DC.<\/p>\n\n\n\n<p><strong>Vilka specifika konstverk och konstn\u00e4rer f\u00e5r mest uppm\u00e4rksamhet?<\/strong><\/p>\n\n\n\n<p>\u2013 Det \u00e4r m\u00e5nga\u2026 Men f\u00f6r att ge n\u00e5gra exempel: Ett verk i f\u00f6rsta fonden av Carmen Herrera, som steg 40 procent i v\u00e4rde p\u00e5 ett \u00e5r och nu \u00e4r v\u00e4rt 2,8 miljoner euro. Ett annat verk som blivit mycket omskrivet \u00e4r av Olga de Amaral. Det visades fram till nyligen p\u00e5 Fondation Cartier i Paris och g\u00e5r nu vidare till Institute of Contemporary Art i Miami med \u00f6ppning den 1 maj i \u00e5r.<\/p>\n\n\n\n<figure class=\"wp-block-image size-large\"><img loading=\"lazy\" decoding=\"async\" width=\"1024\" height=\"1024\" src=\"https:\/\/talk.nordea.se\/privatebanking\/wp-content\/uploads\/2025\/03\/jaune-quick-to-see-smith-survival-map-2021-web-1024x1024.jpg\" alt=\"konstverk\" class=\"wp-image-18099\" srcset=\"https:\/\/talk.nordea.se\/privatebanking\/wp-content\/uploads\/2025\/03\/jaune-quick-to-see-smith-survival-map-2021-web-1024x1024.jpg 1024w, https:\/\/talk.nordea.se\/privatebanking\/wp-content\/uploads\/2025\/03\/jaune-quick-to-see-smith-survival-map-2021-web-300x300.jpg 300w, https:\/\/talk.nordea.se\/privatebanking\/wp-content\/uploads\/2025\/03\/jaune-quick-to-see-smith-survival-map-2021-web-150x150.jpg 150w, https:\/\/talk.nordea.se\/privatebanking\/wp-content\/uploads\/2025\/03\/jaune-quick-to-see-smith-survival-map-2021-web-768x768.jpg 768w, https:\/\/talk.nordea.se\/privatebanking\/wp-content\/uploads\/2025\/03\/jaune-quick-to-see-smith-survival-map-2021-web-160x160.jpg 160w, https:\/\/talk.nordea.se\/privatebanking\/wp-content\/uploads\/2025\/03\/jaune-quick-to-see-smith-survival-map-2021-web-526x526.jpg 526w, https:\/\/talk.nordea.se\/privatebanking\/wp-content\/uploads\/2025\/03\/jaune-quick-to-see-smith-survival-map-2021-web-720x720.jpg 720w, https:\/\/talk.nordea.se\/privatebanking\/wp-content\/uploads\/2025\/03\/jaune-quick-to-see-smith-survival-map-2021-web-960x960.jpg 960w, https:\/\/talk.nordea.se\/privatebanking\/wp-content\/uploads\/2025\/03\/jaune-quick-to-see-smith-survival-map-2021-web-1140x1140.jpg 1140w, https:\/\/talk.nordea.se\/privatebanking\/wp-content\/uploads\/2025\/03\/jaune-quick-to-see-smith-survival-map-2021-web.jpg 1240w\" sizes=\"auto, (max-width: 1024px) 100vw, 1024px\" \/><figcaption class=\"wp-element-caption\">Jaune Quick-to-See Smith. Survival Map, 2021. Akryl, olja och blandteknik p\u00e5 duk. \u00a9 Jaune Quick-to-See Smith Estate. Courtesy of Arte Collectum.<\/figcaption><\/figure>\n\n\n\n<p><strong>Har du sj\u00e4lv n\u00e5gon favorit bland det som fonden investerat i?<\/strong><\/p>\n\n\n\n<p>\u2013 D\u00e5 v\u00e4ljer jag ett verk av Jaune Quick-to-See Smith, <em>Survival Map<\/em> fr\u00e5n 2021, som blev utvalt till hennes retrospektiva utst\u00e4llning p\u00e5 Whitney Museum of American Art i New York. Verket \u00e4r med i v\u00e5r f\u00f6rsta fond.<\/p>\n\n\n\n<p><strong>Vad h\u00e4nder annars i Arte Collectum just nu?<\/strong><\/p>\n\n\n\n<p>\u2013 Vi hade nyligen ett mycket trevligt och uppskattat event tillsammans med Nordea Private Banking p\u00e5 G\u00f6teborgs konstmuseum. Investeringskommitt\u00e9n \u00e4r i full g\u00e5ng med ytterligare konstf\u00f6rv\u00e4rv i nya fonden i vad som k\u00e4nns som ett osedvanligt attraktivt investeringsklimat. Vi genomf\u00f6r l\u00f6pande intervjuer med journalister och har fullt fokus p\u00e5 v\u00e5r fondresning som p\u00e5g\u00e5r fram till midsommar.<\/p>\n\n\n\n<hr class=\"wp-block-separator has-alpha-channel-opacity is-style-wide\"\/>\n\n\n\n<div class=\"wp-block-group\"><div class=\"wp-block-group__inner-container is-layout-constrained wp-block-group-is-layout-constrained\">\n<div class=\"wp-block-group has-nordea-pink-background-color has-background\"><div class=\"wp-block-group__inner-container is-layout-constrained wp-block-group-is-layout-constrained\">\n<p>Vill du veta mer om Arte Collectum? <\/p>\n\n\n\n<p>Kontakta din r\u00e5dgivare i Nordea Private Banking.<\/p>\n<\/div><\/div>\n<\/div><\/div>\n","protected":false},"excerpt":{"rendered":"<p>Konstfonden Arte Collectum s\u00e5g dagens ljus 2022 och blev en omedelbar succ\u00e9...<\/p>\n","protected":false},"author":2,"featured_media":18241,"comment_status":"closed","ping_status":"closed","sticky":false,"template":"","format":"standard","meta":{"_acf_changed":false,"footnotes":""},"categories":[7],"tags":[35],"class_list":["post-18098","post","type-post","status-publish","format-standard","has-post-thumbnail","hentry","category-kultur","tag-kultur"],"acf":[],"yoast_head":"<!-- This site is optimized with the Yoast SEO plugin v27.4 - https:\/\/yoast.com\/product\/yoast-seo-wordpress\/ -->\n<title>Svensk konstfond i v\u00e4rldens fokus - Talk with Nordea Private Banking<\/title>\n<meta name=\"robots\" content=\"index, follow, max-snippet:-1, max-image-preview:large, max-video-preview:-1\" \/>\n<link rel=\"canonical\" href=\"https:\/\/talk.nordea.se\/privatebanking\/svensk-konstfond-i-varldens-fokus\/\" \/>\n<meta property=\"og:locale\" content=\"sv_SE\" \/>\n<meta property=\"og:type\" content=\"article\" \/>\n<meta property=\"og:title\" content=\"Svensk konstfond i v\u00e4rldens fokus - Talk with Nordea Private Banking\" \/>\n<meta property=\"og:description\" content=\"Konstfonden Arte Collectum s\u00e5g dagens ljus 2022 och blev en omedelbar succ\u00e9...\" \/>\n<meta property=\"og:url\" content=\"https:\/\/talk.nordea.se\/privatebanking\/svensk-konstfond-i-varldens-fokus\/\" \/>\n<meta property=\"og:site_name\" content=\"Talk with Nordea Private Banking\" \/>\n<meta property=\"article:published_time\" content=\"2025-03-24T11:07:51+00:00\" \/>\n<meta property=\"article:modified_time\" content=\"2025-03-30T17:05:44+00:00\" \/>\n<meta property=\"og:image\" content=\"https:\/\/talk.nordea.se\/privatebanking\/wp-content\/uploads\/2025\/03\/qtspt223-web.jpg\" \/>\n\t<meta property=\"og:image:width\" content=\"1240\" \/>\n\t<meta property=\"og:image:height\" content=\"827\" \/>\n\t<meta property=\"og:image:type\" content=\"image\/jpeg\" \/>\n<meta name=\"author\" content=\"kairistila\" \/>\n<meta name=\"twitter:card\" content=\"summary_large_image\" \/>\n<meta name=\"twitter:label1\" content=\"Skriven av\" \/>\n\t<meta name=\"twitter:data1\" content=\"kairistila\" \/>\n\t<meta name=\"twitter:label2\" content=\"Ber\u00e4knad l\u00e4stid\" \/>\n\t<meta name=\"twitter:data2\" content=\"4 minuter\" \/>\n<script type=\"application\/ld+json\" class=\"yoast-schema-graph\">{\"@context\":\"https:\\\/\\\/schema.org\",\"@graph\":[{\"@type\":\"Article\",\"@id\":\"https:\\\/\\\/talk.nordea.se\\\/privatebanking\\\/svensk-konstfond-i-varldens-fokus\\\/#article\",\"isPartOf\":{\"@id\":\"https:\\\/\\\/talk.nordea.se\\\/privatebanking\\\/svensk-konstfond-i-varldens-fokus\\\/\"},\"author\":{\"name\":\"kairistila\",\"@id\":\"https:\\\/\\\/talk.nordea.se\\\/privatebanking\\\/#\\\/schema\\\/person\\\/43e0be4ffef10b914d4ee31d1c384b60\"},\"headline\":\"Svensk konstfond i v\u00e4rldens fokus\",\"datePublished\":\"2025-03-24T11:07:51+00:00\",\"dateModified\":\"2025-03-30T17:05:44+00:00\",\"mainEntityOfPage\":{\"@id\":\"https:\\\/\\\/talk.nordea.se\\\/privatebanking\\\/svensk-konstfond-i-varldens-fokus\\\/\"},\"wordCount\":600,\"image\":{\"@id\":\"https:\\\/\\\/talk.nordea.se\\\/privatebanking\\\/svensk-konstfond-i-varldens-fokus\\\/#primaryimage\"},\"thumbnailUrl\":\"https:\\\/\\\/talk.nordea.se\\\/privatebanking\\\/wp-content\\\/uploads\\\/2025\\\/03\\\/qtspt223-web.jpg\",\"keywords\":[\"Kultur\"],\"articleSection\":[\"Kultur\"],\"inLanguage\":\"sv-SE\"},{\"@type\":\"WebPage\",\"@id\":\"https:\\\/\\\/talk.nordea.se\\\/privatebanking\\\/svensk-konstfond-i-varldens-fokus\\\/\",\"url\":\"https:\\\/\\\/talk.nordea.se\\\/privatebanking\\\/svensk-konstfond-i-varldens-fokus\\\/\",\"name\":\"Svensk konstfond i v\u00e4rldens fokus - Talk with Nordea Private Banking\",\"isPartOf\":{\"@id\":\"https:\\\/\\\/talk.nordea.se\\\/privatebanking\\\/#website\"},\"primaryImageOfPage\":{\"@id\":\"https:\\\/\\\/talk.nordea.se\\\/privatebanking\\\/svensk-konstfond-i-varldens-fokus\\\/#primaryimage\"},\"image\":{\"@id\":\"https:\\\/\\\/talk.nordea.se\\\/privatebanking\\\/svensk-konstfond-i-varldens-fokus\\\/#primaryimage\"},\"thumbnailUrl\":\"https:\\\/\\\/talk.nordea.se\\\/privatebanking\\\/wp-content\\\/uploads\\\/2025\\\/03\\\/qtspt223-web.jpg\",\"datePublished\":\"2025-03-24T11:07:51+00:00\",\"dateModified\":\"2025-03-30T17:05:44+00:00\",\"author\":{\"@id\":\"https:\\\/\\\/talk.nordea.se\\\/privatebanking\\\/#\\\/schema\\\/person\\\/43e0be4ffef10b914d4ee31d1c384b60\"},\"breadcrumb\":{\"@id\":\"https:\\\/\\\/talk.nordea.se\\\/privatebanking\\\/svensk-konstfond-i-varldens-fokus\\\/#breadcrumb\"},\"inLanguage\":\"sv-SE\",\"potentialAction\":[{\"@type\":\"ReadAction\",\"target\":[\"https:\\\/\\\/talk.nordea.se\\\/privatebanking\\\/svensk-konstfond-i-varldens-fokus\\\/\"]}]},{\"@type\":\"ImageObject\",\"inLanguage\":\"sv-SE\",\"@id\":\"https:\\\/\\\/talk.nordea.se\\\/privatebanking\\\/svensk-konstfond-i-varldens-fokus\\\/#primaryimage\",\"url\":\"https:\\\/\\\/talk.nordea.se\\\/privatebanking\\\/wp-content\\\/uploads\\\/2025\\\/03\\\/qtspt223-web.jpg\",\"contentUrl\":\"https:\\\/\\\/talk.nordea.se\\\/privatebanking\\\/wp-content\\\/uploads\\\/2025\\\/03\\\/qtspt223-web.jpg\",\"width\":1240,\"height\":827,\"caption\":\"Jaune Quick-to-See Smith. Petroglyph Park: Sunset on the Escarpment, 1987. Olja p\u00e5 duk. \u00a9 Jaune Quick-to-See Smith Estate. Courtesy of Arte Collectum.\"},{\"@type\":\"BreadcrumbList\",\"@id\":\"https:\\\/\\\/talk.nordea.se\\\/privatebanking\\\/svensk-konstfond-i-varldens-fokus\\\/#breadcrumb\",\"itemListElement\":[{\"@type\":\"ListItem\",\"position\":1,\"name\":\"Home\",\"item\":\"https:\\\/\\\/talk.nordea.se\\\/privatebanking\\\/\"},{\"@type\":\"ListItem\",\"position\":2,\"name\":\"Svensk konstfond i v\u00e4rldens fokus\"}]},{\"@type\":\"WebSite\",\"@id\":\"https:\\\/\\\/talk.nordea.se\\\/privatebanking\\\/#website\",\"url\":\"https:\\\/\\\/talk.nordea.se\\\/privatebanking\\\/\",\"name\":\"Talk with Nordea Private Banking\",\"description\":\"\",\"potentialAction\":[{\"@type\":\"SearchAction\",\"target\":{\"@type\":\"EntryPoint\",\"urlTemplate\":\"https:\\\/\\\/talk.nordea.se\\\/privatebanking\\\/?s={search_term_string}\"},\"query-input\":{\"@type\":\"PropertyValueSpecification\",\"valueRequired\":true,\"valueName\":\"search_term_string\"}}],\"inLanguage\":\"sv-SE\"},{\"@type\":\"Person\",\"@id\":\"https:\\\/\\\/talk.nordea.se\\\/privatebanking\\\/#\\\/schema\\\/person\\\/43e0be4ffef10b914d4ee31d1c384b60\",\"name\":\"kairistila\",\"image\":{\"@type\":\"ImageObject\",\"inLanguage\":\"sv-SE\",\"@id\":\"https:\\\/\\\/secure.gravatar.com\\\/avatar\\\/682d8aa364d89eb8cf10e1b8eceb8da43ac690bb420244e825e55e75b444beea?s=96&d=mm&r=g\",\"url\":\"https:\\\/\\\/secure.gravatar.com\\\/avatar\\\/682d8aa364d89eb8cf10e1b8eceb8da43ac690bb420244e825e55e75b444beea?s=96&d=mm&r=g\",\"contentUrl\":\"https:\\\/\\\/secure.gravatar.com\\\/avatar\\\/682d8aa364d89eb8cf10e1b8eceb8da43ac690bb420244e825e55e75b444beea?s=96&d=mm&r=g\",\"caption\":\"kairistila\"},\"url\":\"https:\\\/\\\/talk.nordea.se\\\/privatebanking\\\/author\\\/kairistila\\\/\"}]}<\/script>\n<!-- \/ Yoast SEO plugin. -->","yoast_head_json":{"title":"Svensk konstfond i v\u00e4rldens fokus - Talk with Nordea Private Banking","robots":{"index":"index","follow":"follow","max-snippet":"max-snippet:-1","max-image-preview":"max-image-preview:large","max-video-preview":"max-video-preview:-1"},"canonical":"https:\/\/talk.nordea.se\/privatebanking\/svensk-konstfond-i-varldens-fokus\/","og_locale":"sv_SE","og_type":"article","og_title":"Svensk konstfond i v\u00e4rldens fokus - Talk with Nordea Private Banking","og_description":"Konstfonden Arte Collectum s\u00e5g dagens ljus 2022 och blev en omedelbar succ\u00e9...","og_url":"https:\/\/talk.nordea.se\/privatebanking\/svensk-konstfond-i-varldens-fokus\/","og_site_name":"Talk with Nordea Private Banking","article_published_time":"2025-03-24T11:07:51+00:00","article_modified_time":"2025-03-30T17:05:44+00:00","og_image":[{"width":1240,"height":827,"url":"https:\/\/talk.nordea.se\/privatebanking\/wp-content\/uploads\/2025\/03\/qtspt223-web.jpg","type":"image\/jpeg"}],"author":"kairistila","twitter_card":"summary_large_image","twitter_misc":{"Skriven av":"kairistila","Ber\u00e4knad l\u00e4stid":"4 minuter"},"schema":{"@context":"https:\/\/schema.org","@graph":[{"@type":"Article","@id":"https:\/\/talk.nordea.se\/privatebanking\/svensk-konstfond-i-varldens-fokus\/#article","isPartOf":{"@id":"https:\/\/talk.nordea.se\/privatebanking\/svensk-konstfond-i-varldens-fokus\/"},"author":{"name":"kairistila","@id":"https:\/\/talk.nordea.se\/privatebanking\/#\/schema\/person\/43e0be4ffef10b914d4ee31d1c384b60"},"headline":"Svensk konstfond i v\u00e4rldens fokus","datePublished":"2025-03-24T11:07:51+00:00","dateModified":"2025-03-30T17:05:44+00:00","mainEntityOfPage":{"@id":"https:\/\/talk.nordea.se\/privatebanking\/svensk-konstfond-i-varldens-fokus\/"},"wordCount":600,"image":{"@id":"https:\/\/talk.nordea.se\/privatebanking\/svensk-konstfond-i-varldens-fokus\/#primaryimage"},"thumbnailUrl":"https:\/\/talk.nordea.se\/privatebanking\/wp-content\/uploads\/2025\/03\/qtspt223-web.jpg","keywords":["Kultur"],"articleSection":["Kultur"],"inLanguage":"sv-SE"},{"@type":"WebPage","@id":"https:\/\/talk.nordea.se\/privatebanking\/svensk-konstfond-i-varldens-fokus\/","url":"https:\/\/talk.nordea.se\/privatebanking\/svensk-konstfond-i-varldens-fokus\/","name":"Svensk konstfond i v\u00e4rldens fokus - Talk with Nordea Private Banking","isPartOf":{"@id":"https:\/\/talk.nordea.se\/privatebanking\/#website"},"primaryImageOfPage":{"@id":"https:\/\/talk.nordea.se\/privatebanking\/svensk-konstfond-i-varldens-fokus\/#primaryimage"},"image":{"@id":"https:\/\/talk.nordea.se\/privatebanking\/svensk-konstfond-i-varldens-fokus\/#primaryimage"},"thumbnailUrl":"https:\/\/talk.nordea.se\/privatebanking\/wp-content\/uploads\/2025\/03\/qtspt223-web.jpg","datePublished":"2025-03-24T11:07:51+00:00","dateModified":"2025-03-30T17:05:44+00:00","author":{"@id":"https:\/\/talk.nordea.se\/privatebanking\/#\/schema\/person\/43e0be4ffef10b914d4ee31d1c384b60"},"breadcrumb":{"@id":"https:\/\/talk.nordea.se\/privatebanking\/svensk-konstfond-i-varldens-fokus\/#breadcrumb"},"inLanguage":"sv-SE","potentialAction":[{"@type":"ReadAction","target":["https:\/\/talk.nordea.se\/privatebanking\/svensk-konstfond-i-varldens-fokus\/"]}]},{"@type":"ImageObject","inLanguage":"sv-SE","@id":"https:\/\/talk.nordea.se\/privatebanking\/svensk-konstfond-i-varldens-fokus\/#primaryimage","url":"https:\/\/talk.nordea.se\/privatebanking\/wp-content\/uploads\/2025\/03\/qtspt223-web.jpg","contentUrl":"https:\/\/talk.nordea.se\/privatebanking\/wp-content\/uploads\/2025\/03\/qtspt223-web.jpg","width":1240,"height":827,"caption":"Jaune Quick-to-See Smith. Petroglyph Park: Sunset on the Escarpment, 1987. Olja p\u00e5 duk. \u00a9 Jaune Quick-to-See Smith Estate. Courtesy of Arte Collectum."},{"@type":"BreadcrumbList","@id":"https:\/\/talk.nordea.se\/privatebanking\/svensk-konstfond-i-varldens-fokus\/#breadcrumb","itemListElement":[{"@type":"ListItem","position":1,"name":"Home","item":"https:\/\/talk.nordea.se\/privatebanking\/"},{"@type":"ListItem","position":2,"name":"Svensk konstfond i v\u00e4rldens fokus"}]},{"@type":"WebSite","@id":"https:\/\/talk.nordea.se\/privatebanking\/#website","url":"https:\/\/talk.nordea.se\/privatebanking\/","name":"Talk with Nordea Private Banking","description":"","potentialAction":[{"@type":"SearchAction","target":{"@type":"EntryPoint","urlTemplate":"https:\/\/talk.nordea.se\/privatebanking\/?s={search_term_string}"},"query-input":{"@type":"PropertyValueSpecification","valueRequired":true,"valueName":"search_term_string"}}],"inLanguage":"sv-SE"},{"@type":"Person","@id":"https:\/\/talk.nordea.se\/privatebanking\/#\/schema\/person\/43e0be4ffef10b914d4ee31d1c384b60","name":"kairistila","image":{"@type":"ImageObject","inLanguage":"sv-SE","@id":"https:\/\/secure.gravatar.com\/avatar\/682d8aa364d89eb8cf10e1b8eceb8da43ac690bb420244e825e55e75b444beea?s=96&d=mm&r=g","url":"https:\/\/secure.gravatar.com\/avatar\/682d8aa364d89eb8cf10e1b8eceb8da43ac690bb420244e825e55e75b444beea?s=96&d=mm&r=g","contentUrl":"https:\/\/secure.gravatar.com\/avatar\/682d8aa364d89eb8cf10e1b8eceb8da43ac690bb420244e825e55e75b444beea?s=96&d=mm&r=g","caption":"kairistila"},"url":"https:\/\/talk.nordea.se\/privatebanking\/author\/kairistila\/"}]}},"_links":{"self":[{"href":"https:\/\/talk.nordea.se\/privatebanking\/wp-json\/wp\/v2\/posts\/18098","targetHints":{"allow":["GET"]}}],"collection":[{"href":"https:\/\/talk.nordea.se\/privatebanking\/wp-json\/wp\/v2\/posts"}],"about":[{"href":"https:\/\/talk.nordea.se\/privatebanking\/wp-json\/wp\/v2\/types\/post"}],"author":[{"embeddable":true,"href":"https:\/\/talk.nordea.se\/privatebanking\/wp-json\/wp\/v2\/users\/2"}],"replies":[{"embeddable":true,"href":"https:\/\/talk.nordea.se\/privatebanking\/wp-json\/wp\/v2\/comments?post=18098"}],"version-history":[{"count":10,"href":"https:\/\/talk.nordea.se\/privatebanking\/wp-json\/wp\/v2\/posts\/18098\/revisions"}],"predecessor-version":[{"id":18349,"href":"https:\/\/talk.nordea.se\/privatebanking\/wp-json\/wp\/v2\/posts\/18098\/revisions\/18349"}],"wp:featuredmedia":[{"embeddable":true,"href":"https:\/\/talk.nordea.se\/privatebanking\/wp-json\/wp\/v2\/media\/18241"}],"wp:attachment":[{"href":"https:\/\/talk.nordea.se\/privatebanking\/wp-json\/wp\/v2\/media?parent=18098"}],"wp:term":[{"taxonomy":"category","embeddable":true,"href":"https:\/\/talk.nordea.se\/privatebanking\/wp-json\/wp\/v2\/categories?post=18098"},{"taxonomy":"post_tag","embeddable":true,"href":"https:\/\/talk.nordea.se\/privatebanking\/wp-json\/wp\/v2\/tags?post=18098"}],"curies":[{"name":"wp","href":"https:\/\/api.w.org\/{rel}","templated":true}]}}