




{"id":17271,"date":"2024-11-29T12:34:35","date_gmt":"2024-11-29T11:34:35","guid":{"rendered":"https:\/\/talk.nordea.se\/privatebanking\/?p=17271"},"modified":"2024-11-29T13:31:56","modified_gmt":"2024-11-29T12:31:56","slug":"efterdyningarna-av-usa-valet","status":"publish","type":"post","link":"https:\/\/talk.nordea.se\/privatebanking\/efterdyningarna-av-usa-valet\/","title":{"rendered":"Efter&shy;dyningarna av USA-valet"},"content":{"rendered":"\n<p>Det blev en s\u00e5 kallad \u201dRed Sweep\u201d n\u00e4r republikanerna tog hem presidentvalet \u2013 samt en majoritet i b\u00e5de senaten och representanthuset. Med det valresultatet har Donald Trump och republikanerna f\u00e5tt b\u00e4sta m\u00f6jliga f\u00f6ruts\u00e4ttningar att bedriva sin politik.<\/p>\n\n\n\n<p>Fr\u00e5n ett marknadsperspektiv \u00e4r de mest relevanta delarna av den politik vi kan f\u00f6rv\u00e4nta oss nu kopplad till skatter och tullar. Trump har kommunicerat att man inte n\u00f6jer sig med att f\u00f6rl\u00e4nga den existerande skattesatsen f\u00f6r f\u00f6retag, det vill s\u00e4ga skattereformen som introduceras under Trumps tidigare mandatperiod. Republikanerna har som ambition att s\u00e4nka skattesatsen ytterligare.<\/p>\n\n\n\n<p>Vad g\u00e4ller tullar har Trump utryckt en vilja att \u00f6ka tullarna till 10 procent p\u00e5 import av varor och f\u00f6r Kinas del s\u00e5 mycket som 60 procent.<\/p>\n\n\n\n<p>Donald Trump har i sin kampanj ocks\u00e5 betonat m\u00f6jligheter till avreglering inom olika omr\u00e5den. De mest tydliga exemplen finns inom energisektorn och finansbranschen. Avregleringar skulle f\u00e5 positiva finansiella konsekvenser f\u00f6r vissa f\u00f6retag genom bland annat \u00f6kad produktion och l\u00e4gre kostnader. Samtidigt uppst\u00e5r tydliga negativa f\u00f6ljder f\u00f6r klimatet om exempelvis oljeutvinningen \u00f6kar.<\/p>\n\n\n\n<figure class=\"wp-block-image size-large\"><img loading=\"lazy\" decoding=\"async\" width=\"1024\" height=\"683\" src=\"https:\/\/talk.nordea.se\/privatebanking\/wp-content\/uploads\/2024\/11\/web-shutterstock-1018169170-1024x683.jpg\" alt=\"representanthuset i Washington\" class=\"wp-image-17276\" srcset=\"https:\/\/talk.nordea.se\/privatebanking\/wp-content\/uploads\/2024\/11\/web-shutterstock-1018169170-1024x683.jpg 1024w, https:\/\/talk.nordea.se\/privatebanking\/wp-content\/uploads\/2024\/11\/web-shutterstock-1018169170-300x200.jpg 300w, https:\/\/talk.nordea.se\/privatebanking\/wp-content\/uploads\/2024\/11\/web-shutterstock-1018169170-768x512.jpg 768w, https:\/\/talk.nordea.se\/privatebanking\/wp-content\/uploads\/2024\/11\/web-shutterstock-1018169170-240x160.jpg 240w, https:\/\/talk.nordea.se\/privatebanking\/wp-content\/uploads\/2024\/11\/web-shutterstock-1018169170-526x351.jpg 526w, https:\/\/talk.nordea.se\/privatebanking\/wp-content\/uploads\/2024\/11\/web-shutterstock-1018169170-720x480.jpg 720w, https:\/\/talk.nordea.se\/privatebanking\/wp-content\/uploads\/2024\/11\/web-shutterstock-1018169170-960x640.jpg 960w, https:\/\/talk.nordea.se\/privatebanking\/wp-content\/uploads\/2024\/11\/web-shutterstock-1018169170-1140x760.jpg 1140w, https:\/\/talk.nordea.se\/privatebanking\/wp-content\/uploads\/2024\/11\/web-shutterstock-1018169170.jpg 1240w\" sizes=\"auto, (max-width: 1024px) 100vw, 1024px\" \/><figcaption class=\"wp-element-caption\">Med Donald Trump i Vita Huset tror Nordeas investeringsstrateg Karl Larsson p\u00e5 en stimulerande finanspolitik och en mer \u00e5terh\u00e5llsam penningpolitik. Bild: Shutterstock.<\/figcaption><\/figure>\n\n\n\n<p><strong>Vad blir konsekvenserna f\u00f6r marknaden?<\/strong><\/p>\n\n\n\n<p>Skulle Trumps skattepolitik infrias kommer vi sannolikt se ytterligare uppg\u00e5ngar i den amerikanska aktiemarknaden. L\u00e4gre skatter bidrar direkt till \u00f6kad l\u00f6nsamhet och kraftigare vinsttillv\u00e4xt \u2013 den viktigaste faktorn bakom aktiemarknadens avkastning.<\/p>\n\n\n\n<p>I den mer negativa v\u00e5gsk\u00e5len hittar vi tullarnas p\u00e5verkan p\u00e5 r\u00e4ntemarknaden. H\u00f6gre tullar skulle lyfta inflationen i USA, vilket l\u00e4mnar mindre utrymme f\u00f6r amerikanska centralbanken att forts\u00e4tta s\u00e4nka styrr\u00e4ntan. Detta skulle allts\u00e5 sannolikt leda till relativt sett h\u00f6gre styrr\u00e4nta och korta marknadsr\u00e4ntor.<\/p>\n\n\n\n<p>I kombination med skattes\u00e4nkningarna kan vi med andra ord f\u00f6rv\u00e4nta oss en stimulerande finanspolitik och en mer \u00e5terh\u00e5llsam penningpolitik.<\/p>\n\n\n\n<p>En annan konsekvens av de f\u00f6rv\u00e4ntade skattes\u00e4nkningarna \u00e4r en f\u00f6rs\u00e4mring av budgetbalansen d\u00e4r budgetunderskottet f\u00f6rv\u00e4ntas ut\u00f6kas. Ett alltf\u00f6r stort underskott skulle leda till en fortsatt v\u00e4xande statsskuld \u2013 och om marknaden b\u00f6rjar ifr\u00e5gas\u00e4tta h\u00e5llbarheten i amerikansk finanspolitik kommer \u00e4ven de l\u00e4ngre r\u00e4ntorna att stiga. Men budgetbalansen blir ett \u00e4nnu st\u00f6rre problem om Trump inte h\u00f6jer tullarna, eftersom det skulle resultera i \u00e4nnu en utebliven inkomst f\u00f6r staten.<\/p>\n\n\n\n<figure class=\"wp-block-image size-large\"><img loading=\"lazy\" decoding=\"async\" width=\"1024\" height=\"683\" src=\"https:\/\/talk.nordea.se\/privatebanking\/wp-content\/uploads\/2024\/11\/karl-larsson-2188-web-1024x683.jpg\" alt=\"Karl Larsson\" class=\"wp-image-17275\" srcset=\"https:\/\/talk.nordea.se\/privatebanking\/wp-content\/uploads\/2024\/11\/karl-larsson-2188-web-1024x683.jpg 1024w, https:\/\/talk.nordea.se\/privatebanking\/wp-content\/uploads\/2024\/11\/karl-larsson-2188-web-300x200.jpg 300w, https:\/\/talk.nordea.se\/privatebanking\/wp-content\/uploads\/2024\/11\/karl-larsson-2188-web-768x512.jpg 768w, https:\/\/talk.nordea.se\/privatebanking\/wp-content\/uploads\/2024\/11\/karl-larsson-2188-web-240x160.jpg 240w, https:\/\/talk.nordea.se\/privatebanking\/wp-content\/uploads\/2024\/11\/karl-larsson-2188-web-526x351.jpg 526w, https:\/\/talk.nordea.se\/privatebanking\/wp-content\/uploads\/2024\/11\/karl-larsson-2188-web-720x480.jpg 720w, https:\/\/talk.nordea.se\/privatebanking\/wp-content\/uploads\/2024\/11\/karl-larsson-2188-web-960x640.jpg 960w, https:\/\/talk.nordea.se\/privatebanking\/wp-content\/uploads\/2024\/11\/karl-larsson-2188-web.jpg 1080w\" sizes=\"auto, (max-width: 1024px) 100vw, 1024px\" \/><figcaption class=\"wp-element-caption\">\u201dSkulle Trumps skattepolitik infrias kommer vi sannolikt se ytterligare uppg\u00e5ngar i den amerikanska aktiemarknaden\u201d, menar Karl Larsson. Foto: Peter Cederling.<\/figcaption><\/figure>\n\n\n\n<p><strong>Hur p\u00e5verkas omv\u00e4rlden av Trumps politik?<\/strong><\/p>\n\n\n\n<p>Om de diskuterade tullarna inf\u00f6rs riskerar det p\u00e5verka den globala tillv\u00e4xten negativt, men fr\u00e5gan \u00e4r vad som kommer bli verklighet och vad som bara \u00e4r utspel inf\u00f6r kommande f\u00f6rhandlingar.<\/p>\n\n\n\n<p>Skulle tullarna inf\u00f6ras \u00f6kar risken f\u00f6r ett kommande handelskrig. En s\u00e5dan utveckling sp\u00e5s leda till h\u00f6gre priser, \u00f6kade kostnader f\u00f6r f\u00f6retagen och hush\u00e5llen, och \u00f6verlag h\u00f6gre inflation. Stigande priser skulle tynga efterfr\u00e5gan och os\u00e4kerheten kring kostnadsbilden f\u00f6rs\u00e4mrar f\u00f6retagarnas f\u00f6rtroende, vilket h\u00e4mmar riskaptit och investeringar. Faktorerna skulle i synnerhet p\u00e5verka utvecklingen i s\u00e5v\u00e4l Europa som Kina, p\u00e5 grund av regionernas relativt stora exportvolymer till den amerikanska marknaden.<\/p>\n\n\n\n<p>Men \u00e4ven om tullar skulle sl\u00e5 mot relevanta europeiska och kinesiska f\u00f6retag \u00e4r det v\u00e4rt att po\u00e4ngtera att regionernas utsikter som helhet inte kommer b\u00e4ra eller brista baserat p\u00e5 vad utfallet av tullarna blir.<\/p>\n\n\n\n<p>Svenska f\u00f6retag \u00e4r inte immuna mot ut\u00f6kade tullar. USA \u00e4r en av Sveriges fr\u00e4msta handelspartners och blickar vi mot svenska b\u00f6rsen noterar vi snabbt en rad exportorienterade b\u00f6rsbolag. Bland Sveriges st\u00f6rsta exportvaror hittar vi till exempel v\u00e4gfordon och maskiner. Det \u00e4r dock viktigt att gr\u00e4va i detaljerna f\u00f6r i vissa fall v\u00e4ljer svenska f\u00f6retag att etablera tillverkningen direkt hos slutmarknaden, vilket i flera fall \u00e4r USA, och d\u00e5 g\u00e4ller oftast inte samma handelsvillkor.<\/p>\n\n\n\n<figure class=\"wp-block-image size-large\"><img loading=\"lazy\" decoding=\"async\" width=\"1024\" height=\"683\" src=\"https:\/\/talk.nordea.se\/privatebanking\/wp-content\/uploads\/2024\/11\/web-shutterstock-2275984497-1024x683.jpg\" alt=\"Volvo-lastbilar i USA\" class=\"wp-image-17278\" srcset=\"https:\/\/talk.nordea.se\/privatebanking\/wp-content\/uploads\/2024\/11\/web-shutterstock-2275984497-1024x683.jpg 1024w, https:\/\/talk.nordea.se\/privatebanking\/wp-content\/uploads\/2024\/11\/web-shutterstock-2275984497-300x200.jpg 300w, https:\/\/talk.nordea.se\/privatebanking\/wp-content\/uploads\/2024\/11\/web-shutterstock-2275984497-768x512.jpg 768w, https:\/\/talk.nordea.se\/privatebanking\/wp-content\/uploads\/2024\/11\/web-shutterstock-2275984497-240x160.jpg 240w, https:\/\/talk.nordea.se\/privatebanking\/wp-content\/uploads\/2024\/11\/web-shutterstock-2275984497-526x351.jpg 526w, https:\/\/talk.nordea.se\/privatebanking\/wp-content\/uploads\/2024\/11\/web-shutterstock-2275984497-720x480.jpg 720w, https:\/\/talk.nordea.se\/privatebanking\/wp-content\/uploads\/2024\/11\/web-shutterstock-2275984497-960x640.jpg 960w, https:\/\/talk.nordea.se\/privatebanking\/wp-content\/uploads\/2024\/11\/web-shutterstock-2275984497-1140x760.jpg 1140w, https:\/\/talk.nordea.se\/privatebanking\/wp-content\/uploads\/2024\/11\/web-shutterstock-2275984497.jpg 1240w\" sizes=\"auto, (max-width: 1024px) 100vw, 1024px\" \/><figcaption class=\"wp-element-caption\">Vad inneb\u00e4r \u00f6kade tullar f\u00f6r svenska f\u00f6retag? Karl Larsson po\u00e4ngterar att man m\u00e5ste se det fr\u00e5n fall till fall och att m\u00e5nga f\u00f6retag redan har etablerat tillverkning i USA. Bild: Shutterstock.<\/figcaption><\/figure>\n\n\n\n<p>Betr\u00e4ffande Riksbankens penningpolitik kommer framtida beslut att p\u00e5verkas av hur den amerikanska motsvarigheten Federal Reserve agerar. B\u00e5de Riksbanken och Europeiska Centralbanken har som m\u00e5l att stabilisera inflationen och en viktig del av detta arbete inneb\u00e4r att h\u00e5lla valutar\u00f6relserna i skick. Eftersom valutar\u00f6relserna i stor grad p\u00e5verkas av r\u00e4ntemarknaden kan inte Riksbanken och ECB arbeta oberoende av Fed. Tvingas Fed h\u00e5lla tillbaka r\u00e4ntes\u00e4nkningarna under 2025 kommer vi sannolikt se f\u00e4rre s\u00e4nkningar \u00e4n v\u00e4ntat \u00e4ven i Europa och Sverige.<\/p>\n\n\n\n<p>Kring tullar och eventuella konsekvenser ska man samtidigt vara f\u00f6rsiktig med att dra f\u00f6rhastade slutsatser. I slut\u00e4ndan kommer kongressen spela en viktig roll, f\u00f6r det \u00e4r inte alla republikaner som delar den positiva synen p\u00e5 h\u00f6jda tullar.<\/p>\n\n\n\n<p>Investerare har inte heller gl\u00f6mt Trumps lovord inf\u00f6r den f\u00f6rra mandatperioden, d\u00e4r verkligheten kom att skilja sig fr\u00e5n f\u00f6rv\u00e4ntningarna. Med det sagt verkar f\u00f6rberedelserna och kommunikationen vara mer best\u00e4mda denna g\u00e5ng, inte minst kopplat till Trumps stabsnomineringar d\u00e4r ett gemensamt tema \u00e4r st\u00f6det f\u00f6r just Trumps handelspolitik.<\/p>\n\n\n\n<figure class=\"wp-block-image size-large\"><img loading=\"lazy\" decoding=\"async\" width=\"1024\" height=\"682\" src=\"https:\/\/talk.nordea.se\/privatebanking\/wp-content\/uploads\/2024\/11\/web-shutterstock-2543144643-1024x682.jpg\" alt=\"Donald Trump\" class=\"wp-image-17279\" srcset=\"https:\/\/talk.nordea.se\/privatebanking\/wp-content\/uploads\/2024\/11\/web-shutterstock-2543144643-1024x682.jpg 1024w, https:\/\/talk.nordea.se\/privatebanking\/wp-content\/uploads\/2024\/11\/web-shutterstock-2543144643-300x200.jpg 300w, https:\/\/talk.nordea.se\/privatebanking\/wp-content\/uploads\/2024\/11\/web-shutterstock-2543144643-768x512.jpg 768w, https:\/\/talk.nordea.se\/privatebanking\/wp-content\/uploads\/2024\/11\/web-shutterstock-2543144643-240x160.jpg 240w, https:\/\/talk.nordea.se\/privatebanking\/wp-content\/uploads\/2024\/11\/web-shutterstock-2543144643-526x350.jpg 526w, https:\/\/talk.nordea.se\/privatebanking\/wp-content\/uploads\/2024\/11\/web-shutterstock-2543144643-720x480.jpg 720w, https:\/\/talk.nordea.se\/privatebanking\/wp-content\/uploads\/2024\/11\/web-shutterstock-2543144643-960x639.jpg 960w, https:\/\/talk.nordea.se\/privatebanking\/wp-content\/uploads\/2024\/11\/web-shutterstock-2543144643-1140x759.jpg 1140w, https:\/\/talk.nordea.se\/privatebanking\/wp-content\/uploads\/2024\/11\/web-shutterstock-2543144643.jpg 1240w\" sizes=\"auto, (max-width: 1024px) 100vw, 1024px\" \/><figcaption class=\"wp-element-caption\">Med Donald Trump vid makten v\u00e4ljer Nordea att g\u00f6ra justeringar i marknadssynen och \u00f6vervikta sektorerna Finans och Verkstad. Bild: Shutterstock.<\/figcaption><\/figure>\n\n\n\n<p><strong>G\u00f6rs n\u00e5gra f\u00f6r\u00e4ndringar i Nordeas marknadssyn?<\/strong><strong><\/strong><\/p>\n\n\n\n<p>Trumps tillv\u00e4xtorienterade politik g\u00f6r att vi v\u00e4ljer att lyfta fram sektorer som gynnas i en milj\u00f6 karakt\u00e4riserad av stigande vinster, \u00f6kad optimism och l\u00e4gre r\u00e4ntor. I den taktiska allokeringen v\u00e4ljer vi d\u00e4rf\u00f6r att \u00f6vervikta sektorerna Finans och Verkstad. F\u00f6r mer information om allokeringen h\u00e4nvisar vi till Marknadssynen f\u00f6r december, som du kan l\u00e4sa p\u00e5 <a href=\"https:\/\/www.nordea.com\/sv\/nyheter-insikter\/bloggar\/investeringsbloggen\">nordea.com<\/a>.<\/p>\n\n\n\n<hr class=\"wp-block-separator has-alpha-channel-opacity is-style-wide\"\/>\n\n\n\n<p class=\"has-small-font-size\"><strong>Foto:<\/strong> Peter Cederling<\/p>\n","protected":false},"excerpt":{"rendered":"<p>Snart tilltr\u00e4der Donald Trump som president igen. I somras f\u00f6rutsp\u00e5dde...<\/p>\n","protected":false},"author":2,"featured_media":17273,"comment_status":"closed","ping_status":"closed","sticky":false,"template":"","format":"standard","meta":{"_acf_changed":false,"footnotes":""},"categories":[4],"tags":[15,766,28],"class_list":["post-17271","post","type-post","status-publish","format-standard","has-post-thumbnail","hentry","category-ekonomi","tag-ekonomi","tag-karl-larsson","tag-nordea"],"acf":[],"yoast_head":"<!-- This site is optimized with the Yoast SEO plugin v27.4 - https:\/\/yoast.com\/product\/yoast-seo-wordpress\/ -->\n<title>Efter&shy;dyningarna av USA-valet - Talk with Nordea Private Banking<\/title>\n<meta name=\"robots\" content=\"index, follow, max-snippet:-1, max-image-preview:large, max-video-preview:-1\" \/>\n<link rel=\"canonical\" href=\"https:\/\/talk.nordea.se\/privatebanking\/efterdyningarna-av-usa-valet\/\" \/>\n<meta property=\"og:locale\" content=\"sv_SE\" \/>\n<meta property=\"og:type\" content=\"article\" \/>\n<meta property=\"og:title\" content=\"Efter&shy;dyningarna av USA-valet - Talk with Nordea Private Banking\" \/>\n<meta property=\"og:description\" content=\"Snart tilltr\u00e4der Donald Trump som president igen. I somras f\u00f6rutsp\u00e5dde...\" \/>\n<meta property=\"og:url\" content=\"https:\/\/talk.nordea.se\/privatebanking\/efterdyningarna-av-usa-valet\/\" \/>\n<meta property=\"og:site_name\" content=\"Talk with Nordea Private Banking\" \/>\n<meta property=\"article:published_time\" content=\"2024-11-29T11:34:35+00:00\" \/>\n<meta property=\"article:modified_time\" content=\"2024-11-29T12:31:56+00:00\" \/>\n<meta property=\"og:image\" content=\"https:\/\/talk.nordea.se\/privatebanking\/wp-content\/uploads\/2024\/11\/karl-larsson-2012-web.jpg\" \/>\n\t<meta property=\"og:image:width\" content=\"1080\" \/>\n\t<meta property=\"og:image:height\" content=\"720\" \/>\n\t<meta property=\"og:image:type\" content=\"image\/jpeg\" \/>\n<meta name=\"author\" content=\"kairistila\" \/>\n<meta name=\"twitter:card\" content=\"summary_large_image\" \/>\n<meta name=\"twitter:label1\" content=\"Skriven av\" \/>\n\t<meta name=\"twitter:data1\" content=\"kairistila\" \/>\n\t<meta name=\"twitter:label2\" content=\"Ber\u00e4knad l\u00e4stid\" \/>\n\t<meta name=\"twitter:data2\" content=\"5 minuter\" \/>\n<script type=\"application\/ld+json\" class=\"yoast-schema-graph\">{\"@context\":\"https:\\\/\\\/schema.org\",\"@graph\":[{\"@type\":\"Article\",\"@id\":\"https:\\\/\\\/talk.nordea.se\\\/privatebanking\\\/efterdyningarna-av-usa-valet\\\/#article\",\"isPartOf\":{\"@id\":\"https:\\\/\\\/talk.nordea.se\\\/privatebanking\\\/efterdyningarna-av-usa-valet\\\/\"},\"author\":{\"name\":\"kairistila\",\"@id\":\"https:\\\/\\\/talk.nordea.se\\\/privatebanking\\\/#\\\/schema\\\/person\\\/43e0be4ffef10b914d4ee31d1c384b60\"},\"headline\":\"Efter&shy;dyningarna av USA-valet\",\"datePublished\":\"2024-11-29T11:34:35+00:00\",\"dateModified\":\"2024-11-29T12:31:56+00:00\",\"mainEntityOfPage\":{\"@id\":\"https:\\\/\\\/talk.nordea.se\\\/privatebanking\\\/efterdyningarna-av-usa-valet\\\/\"},\"wordCount\":1035,\"image\":{\"@id\":\"https:\\\/\\\/talk.nordea.se\\\/privatebanking\\\/efterdyningarna-av-usa-valet\\\/#primaryimage\"},\"thumbnailUrl\":\"https:\\\/\\\/talk.nordea.se\\\/privatebanking\\\/wp-content\\\/uploads\\\/2024\\\/11\\\/karl-larsson-2012-web.jpg\",\"keywords\":[\"Ekonomi\",\"Karl Larsson\",\"nordea\"],\"articleSection\":[\"Ekonomi\"],\"inLanguage\":\"sv-SE\"},{\"@type\":\"WebPage\",\"@id\":\"https:\\\/\\\/talk.nordea.se\\\/privatebanking\\\/efterdyningarna-av-usa-valet\\\/\",\"url\":\"https:\\\/\\\/talk.nordea.se\\\/privatebanking\\\/efterdyningarna-av-usa-valet\\\/\",\"name\":\"Efter&shy;dyningarna av USA-valet - Talk with Nordea Private Banking\",\"isPartOf\":{\"@id\":\"https:\\\/\\\/talk.nordea.se\\\/privatebanking\\\/#website\"},\"primaryImageOfPage\":{\"@id\":\"https:\\\/\\\/talk.nordea.se\\\/privatebanking\\\/efterdyningarna-av-usa-valet\\\/#primaryimage\"},\"image\":{\"@id\":\"https:\\\/\\\/talk.nordea.se\\\/privatebanking\\\/efterdyningarna-av-usa-valet\\\/#primaryimage\"},\"thumbnailUrl\":\"https:\\\/\\\/talk.nordea.se\\\/privatebanking\\\/wp-content\\\/uploads\\\/2024\\\/11\\\/karl-larsson-2012-web.jpg\",\"datePublished\":\"2024-11-29T11:34:35+00:00\",\"dateModified\":\"2024-11-29T12:31:56+00:00\",\"author\":{\"@id\":\"https:\\\/\\\/talk.nordea.se\\\/privatebanking\\\/#\\\/schema\\\/person\\\/43e0be4ffef10b914d4ee31d1c384b60\"},\"breadcrumb\":{\"@id\":\"https:\\\/\\\/talk.nordea.se\\\/privatebanking\\\/efterdyningarna-av-usa-valet\\\/#breadcrumb\"},\"inLanguage\":\"sv-SE\",\"potentialAction\":[{\"@type\":\"ReadAction\",\"target\":[\"https:\\\/\\\/talk.nordea.se\\\/privatebanking\\\/efterdyningarna-av-usa-valet\\\/\"]}]},{\"@type\":\"ImageObject\",\"inLanguage\":\"sv-SE\",\"@id\":\"https:\\\/\\\/talk.nordea.se\\\/privatebanking\\\/efterdyningarna-av-usa-valet\\\/#primaryimage\",\"url\":\"https:\\\/\\\/talk.nordea.se\\\/privatebanking\\\/wp-content\\\/uploads\\\/2024\\\/11\\\/karl-larsson-2012-web.jpg\",\"contentUrl\":\"https:\\\/\\\/talk.nordea.se\\\/privatebanking\\\/wp-content\\\/uploads\\\/2024\\\/11\\\/karl-larsson-2012-web.jpg\",\"width\":1080,\"height\":720,\"caption\":\"Vad kommer Donald Trumps politik inneb\u00e4ra? Karl Larsson, Nordeas investeringsstrateg, analyserar l\u00e4get. Foto: Peter Cederling.\"},{\"@type\":\"BreadcrumbList\",\"@id\":\"https:\\\/\\\/talk.nordea.se\\\/privatebanking\\\/efterdyningarna-av-usa-valet\\\/#breadcrumb\",\"itemListElement\":[{\"@type\":\"ListItem\",\"position\":1,\"name\":\"Home\",\"item\":\"https:\\\/\\\/talk.nordea.se\\\/privatebanking\\\/\"},{\"@type\":\"ListItem\",\"position\":2,\"name\":\"Efter&shy;dyningarna av USA-valet\"}]},{\"@type\":\"WebSite\",\"@id\":\"https:\\\/\\\/talk.nordea.se\\\/privatebanking\\\/#website\",\"url\":\"https:\\\/\\\/talk.nordea.se\\\/privatebanking\\\/\",\"name\":\"Talk with Nordea Private Banking\",\"description\":\"\",\"potentialAction\":[{\"@type\":\"SearchAction\",\"target\":{\"@type\":\"EntryPoint\",\"urlTemplate\":\"https:\\\/\\\/talk.nordea.se\\\/privatebanking\\\/?s={search_term_string}\"},\"query-input\":{\"@type\":\"PropertyValueSpecification\",\"valueRequired\":true,\"valueName\":\"search_term_string\"}}],\"inLanguage\":\"sv-SE\"},{\"@type\":\"Person\",\"@id\":\"https:\\\/\\\/talk.nordea.se\\\/privatebanking\\\/#\\\/schema\\\/person\\\/43e0be4ffef10b914d4ee31d1c384b60\",\"name\":\"kairistila\",\"image\":{\"@type\":\"ImageObject\",\"inLanguage\":\"sv-SE\",\"@id\":\"https:\\\/\\\/secure.gravatar.com\\\/avatar\\\/682d8aa364d89eb8cf10e1b8eceb8da43ac690bb420244e825e55e75b444beea?s=96&d=mm&r=g\",\"url\":\"https:\\\/\\\/secure.gravatar.com\\\/avatar\\\/682d8aa364d89eb8cf10e1b8eceb8da43ac690bb420244e825e55e75b444beea?s=96&d=mm&r=g\",\"contentUrl\":\"https:\\\/\\\/secure.gravatar.com\\\/avatar\\\/682d8aa364d89eb8cf10e1b8eceb8da43ac690bb420244e825e55e75b444beea?s=96&d=mm&r=g\",\"caption\":\"kairistila\"},\"url\":\"https:\\\/\\\/talk.nordea.se\\\/privatebanking\\\/author\\\/kairistila\\\/\"}]}<\/script>\n<!-- \/ Yoast SEO plugin. -->","yoast_head_json":{"title":"Efter&shy;dyningarna av USA-valet - Talk with Nordea Private Banking","robots":{"index":"index","follow":"follow","max-snippet":"max-snippet:-1","max-image-preview":"max-image-preview:large","max-video-preview":"max-video-preview:-1"},"canonical":"https:\/\/talk.nordea.se\/privatebanking\/efterdyningarna-av-usa-valet\/","og_locale":"sv_SE","og_type":"article","og_title":"Efter&shy;dyningarna av USA-valet - Talk with Nordea Private Banking","og_description":"Snart tilltr\u00e4der Donald Trump som president igen. I somras f\u00f6rutsp\u00e5dde...","og_url":"https:\/\/talk.nordea.se\/privatebanking\/efterdyningarna-av-usa-valet\/","og_site_name":"Talk with Nordea Private Banking","article_published_time":"2024-11-29T11:34:35+00:00","article_modified_time":"2024-11-29T12:31:56+00:00","og_image":[{"width":1080,"height":720,"url":"https:\/\/talk.nordea.se\/privatebanking\/wp-content\/uploads\/2024\/11\/karl-larsson-2012-web.jpg","type":"image\/jpeg"}],"author":"kairistila","twitter_card":"summary_large_image","twitter_misc":{"Skriven av":"kairistila","Ber\u00e4knad l\u00e4stid":"5 minuter"},"schema":{"@context":"https:\/\/schema.org","@graph":[{"@type":"Article","@id":"https:\/\/talk.nordea.se\/privatebanking\/efterdyningarna-av-usa-valet\/#article","isPartOf":{"@id":"https:\/\/talk.nordea.se\/privatebanking\/efterdyningarna-av-usa-valet\/"},"author":{"name":"kairistila","@id":"https:\/\/talk.nordea.se\/privatebanking\/#\/schema\/person\/43e0be4ffef10b914d4ee31d1c384b60"},"headline":"Efter&shy;dyningarna av USA-valet","datePublished":"2024-11-29T11:34:35+00:00","dateModified":"2024-11-29T12:31:56+00:00","mainEntityOfPage":{"@id":"https:\/\/talk.nordea.se\/privatebanking\/efterdyningarna-av-usa-valet\/"},"wordCount":1035,"image":{"@id":"https:\/\/talk.nordea.se\/privatebanking\/efterdyningarna-av-usa-valet\/#primaryimage"},"thumbnailUrl":"https:\/\/talk.nordea.se\/privatebanking\/wp-content\/uploads\/2024\/11\/karl-larsson-2012-web.jpg","keywords":["Ekonomi","Karl Larsson","nordea"],"articleSection":["Ekonomi"],"inLanguage":"sv-SE"},{"@type":"WebPage","@id":"https:\/\/talk.nordea.se\/privatebanking\/efterdyningarna-av-usa-valet\/","url":"https:\/\/talk.nordea.se\/privatebanking\/efterdyningarna-av-usa-valet\/","name":"Efter&shy;dyningarna av USA-valet - Talk with Nordea Private Banking","isPartOf":{"@id":"https:\/\/talk.nordea.se\/privatebanking\/#website"},"primaryImageOfPage":{"@id":"https:\/\/talk.nordea.se\/privatebanking\/efterdyningarna-av-usa-valet\/#primaryimage"},"image":{"@id":"https:\/\/talk.nordea.se\/privatebanking\/efterdyningarna-av-usa-valet\/#primaryimage"},"thumbnailUrl":"https:\/\/talk.nordea.se\/privatebanking\/wp-content\/uploads\/2024\/11\/karl-larsson-2012-web.jpg","datePublished":"2024-11-29T11:34:35+00:00","dateModified":"2024-11-29T12:31:56+00:00","author":{"@id":"https:\/\/talk.nordea.se\/privatebanking\/#\/schema\/person\/43e0be4ffef10b914d4ee31d1c384b60"},"breadcrumb":{"@id":"https:\/\/talk.nordea.se\/privatebanking\/efterdyningarna-av-usa-valet\/#breadcrumb"},"inLanguage":"sv-SE","potentialAction":[{"@type":"ReadAction","target":["https:\/\/talk.nordea.se\/privatebanking\/efterdyningarna-av-usa-valet\/"]}]},{"@type":"ImageObject","inLanguage":"sv-SE","@id":"https:\/\/talk.nordea.se\/privatebanking\/efterdyningarna-av-usa-valet\/#primaryimage","url":"https:\/\/talk.nordea.se\/privatebanking\/wp-content\/uploads\/2024\/11\/karl-larsson-2012-web.jpg","contentUrl":"https:\/\/talk.nordea.se\/privatebanking\/wp-content\/uploads\/2024\/11\/karl-larsson-2012-web.jpg","width":1080,"height":720,"caption":"Vad kommer Donald Trumps politik inneb\u00e4ra? Karl Larsson, Nordeas investeringsstrateg, analyserar l\u00e4get. Foto: Peter Cederling."},{"@type":"BreadcrumbList","@id":"https:\/\/talk.nordea.se\/privatebanking\/efterdyningarna-av-usa-valet\/#breadcrumb","itemListElement":[{"@type":"ListItem","position":1,"name":"Home","item":"https:\/\/talk.nordea.se\/privatebanking\/"},{"@type":"ListItem","position":2,"name":"Efter&shy;dyningarna av USA-valet"}]},{"@type":"WebSite","@id":"https:\/\/talk.nordea.se\/privatebanking\/#website","url":"https:\/\/talk.nordea.se\/privatebanking\/","name":"Talk with Nordea Private Banking","description":"","potentialAction":[{"@type":"SearchAction","target":{"@type":"EntryPoint","urlTemplate":"https:\/\/talk.nordea.se\/privatebanking\/?s={search_term_string}"},"query-input":{"@type":"PropertyValueSpecification","valueRequired":true,"valueName":"search_term_string"}}],"inLanguage":"sv-SE"},{"@type":"Person","@id":"https:\/\/talk.nordea.se\/privatebanking\/#\/schema\/person\/43e0be4ffef10b914d4ee31d1c384b60","name":"kairistila","image":{"@type":"ImageObject","inLanguage":"sv-SE","@id":"https:\/\/secure.gravatar.com\/avatar\/682d8aa364d89eb8cf10e1b8eceb8da43ac690bb420244e825e55e75b444beea?s=96&d=mm&r=g","url":"https:\/\/secure.gravatar.com\/avatar\/682d8aa364d89eb8cf10e1b8eceb8da43ac690bb420244e825e55e75b444beea?s=96&d=mm&r=g","contentUrl":"https:\/\/secure.gravatar.com\/avatar\/682d8aa364d89eb8cf10e1b8eceb8da43ac690bb420244e825e55e75b444beea?s=96&d=mm&r=g","caption":"kairistila"},"url":"https:\/\/talk.nordea.se\/privatebanking\/author\/kairistila\/"}]}},"_links":{"self":[{"href":"https:\/\/talk.nordea.se\/privatebanking\/wp-json\/wp\/v2\/posts\/17271","targetHints":{"allow":["GET"]}}],"collection":[{"href":"https:\/\/talk.nordea.se\/privatebanking\/wp-json\/wp\/v2\/posts"}],"about":[{"href":"https:\/\/talk.nordea.se\/privatebanking\/wp-json\/wp\/v2\/types\/post"}],"author":[{"embeddable":true,"href":"https:\/\/talk.nordea.se\/privatebanking\/wp-json\/wp\/v2\/users\/2"}],"replies":[{"embeddable":true,"href":"https:\/\/talk.nordea.se\/privatebanking\/wp-json\/wp\/v2\/comments?post=17271"}],"version-history":[{"count":7,"href":"https:\/\/talk.nordea.se\/privatebanking\/wp-json\/wp\/v2\/posts\/17271\/revisions"}],"predecessor-version":[{"id":17288,"href":"https:\/\/talk.nordea.se\/privatebanking\/wp-json\/wp\/v2\/posts\/17271\/revisions\/17288"}],"wp:featuredmedia":[{"embeddable":true,"href":"https:\/\/talk.nordea.se\/privatebanking\/wp-json\/wp\/v2\/media\/17273"}],"wp:attachment":[{"href":"https:\/\/talk.nordea.se\/privatebanking\/wp-json\/wp\/v2\/media?parent=17271"}],"wp:term":[{"taxonomy":"category","embeddable":true,"href":"https:\/\/talk.nordea.se\/privatebanking\/wp-json\/wp\/v2\/categories?post=17271"},{"taxonomy":"post_tag","embeddable":true,"href":"https:\/\/talk.nordea.se\/privatebanking\/wp-json\/wp\/v2\/tags?post=17271"}],"curies":[{"name":"wp","href":"https:\/\/api.w.org\/{rel}","templated":true}]}}