




{"id":14134,"date":"2023-12-18T20:09:38","date_gmt":"2023-12-18T19:09:38","guid":{"rendered":"https:\/\/talk.nordea.se\/privatebanking\/?p=14134"},"modified":"2023-12-21T18:26:14","modified_gmt":"2023-12-21T17:26:14","slug":"klimatportratt-som-gar-pa-djupet","status":"publish","type":"post","link":"https:\/\/talk.nordea.se\/privatebanking\/klimatportratt-som-gar-pa-djupet\/","title":{"rendered":"Klimat&shy;portr\u00e4tt som g\u00e5r p\u00e5 djupet"},"content":{"rendered":"\n<p>Konstfotografen Nick Brandt letade efter ett s\u00e4tt att visa hur m\u00e4nniskor och djur p\u00e5verkas av milj\u00f6f\u00f6rst\u00f6ring och klimatf\u00f6r\u00e4ndringar. Resultatet blev en serie bilder fr\u00e5n Stillahavsregionen \u2013 d\u00e4r vissa platser kommer att ligga under vatten om havsniv\u00e5erna h\u00f6js. F\u00f6r att visa p\u00e5 allvaret n\u00e4r liv och boende hotas av \u00f6versv\u00e4mningar valde han att g\u00e5 h\u00e4ndelserna i f\u00f6rv\u00e4g och bokstavligen p\u00e5 djupet.<\/p>\n\n\n\n<figure class=\"wp-block-image size-large\"><img loading=\"lazy\" decoding=\"async\" width=\"1024\" height=\"770\" src=\"https:\/\/talk.nordea.se\/privatebanking\/wp-content\/uploads\/2023\/12\/joel-and-petero-on-seesaw-fiji-2023-web-1024x770.jpg\" alt=\"En \u00e4ldre man och en yngre gungar gungbr\u00e4da p\u00e5 havsbotten. Den yngre \u00e4r fr\u00e5nv\u00e4nd och tittar mot ytan\" class=\"wp-image-14138\" srcset=\"https:\/\/talk.nordea.se\/privatebanking\/wp-content\/uploads\/2023\/12\/joel-and-petero-on-seesaw-fiji-2023-web-1024x770.jpg 1024w, https:\/\/talk.nordea.se\/privatebanking\/wp-content\/uploads\/2023\/12\/joel-and-petero-on-seesaw-fiji-2023-web-300x226.jpg 300w, https:\/\/talk.nordea.se\/privatebanking\/wp-content\/uploads\/2023\/12\/joel-and-petero-on-seesaw-fiji-2023-web-768x577.jpg 768w, https:\/\/talk.nordea.se\/privatebanking\/wp-content\/uploads\/2023\/12\/joel-and-petero-on-seesaw-fiji-2023-web-213x160.jpg 213w, https:\/\/talk.nordea.se\/privatebanking\/wp-content\/uploads\/2023\/12\/joel-and-petero-on-seesaw-fiji-2023-web-720x541.jpg 720w, https:\/\/talk.nordea.se\/privatebanking\/wp-content\/uploads\/2023\/12\/joel-and-petero-on-seesaw-fiji-2023-web-526x395.jpg 526w, https:\/\/talk.nordea.se\/privatebanking\/wp-content\/uploads\/2023\/12\/joel-and-petero-on-seesaw-fiji-2023-web-960x722.jpg 960w, https:\/\/talk.nordea.se\/privatebanking\/wp-content\/uploads\/2023\/12\/joel-and-petero-on-seesaw-fiji-2023-web.jpg 1080w\" sizes=\"auto, (max-width: 1024px) 100vw, 1024px\" \/><figcaption class=\"wp-element-caption\">Nick Brandt anlitade dykl\u00e4rare f\u00f6r att garantera modellernas s\u00e4kerhet n\u00e4r de poserade under vattnet. Joel and Petero on Seesaw, Fiji, 2023. \u00a9 Nick Brandt.<\/figcaption><\/figure>\n\n\n\n<p>\u2013 N\u00e5gon sa att det var post-apokalyptiskt. Jag svarade att det \u00e4r pre-apokalyptiskt, f\u00f6r det har inte drabbat dessa m\u00e4nniskor \u00e4nnu, s\u00e4ger Brandt till nyhetskanalen CNN.<\/p>\n\n\n\n<p>Men om v\u00e4rlden inte agerar mot klimatf\u00f6r\u00e4ndringarna kommer m\u00e5nga av de unga som Nick Brandt fotograferat se sina hem hamna under vatten, trots att de lever i l\u00e4nder som sl\u00e4pper ut minimalt med klimatskadliga v\u00e4xthusgaser.<\/p>\n\n\n\n<figure class=\"wp-block-image size-large\"><img loading=\"lazy\" decoding=\"async\" width=\"1024\" height=\"765\" src=\"https:\/\/talk.nordea.se\/privatebanking\/wp-content\/uploads\/2023\/12\/bts-serafina-at-table-gopr2663-web-1024x765.jpg\" alt=\"en bakom-kamera-scen d\u00e4r man ser dykare och kameramannen\" class=\"wp-image-14137\" srcset=\"https:\/\/talk.nordea.se\/privatebanking\/wp-content\/uploads\/2023\/12\/bts-serafina-at-table-gopr2663-web-1024x765.jpg 1024w, https:\/\/talk.nordea.se\/privatebanking\/wp-content\/uploads\/2023\/12\/bts-serafina-at-table-gopr2663-web-300x224.jpg 300w, https:\/\/talk.nordea.se\/privatebanking\/wp-content\/uploads\/2023\/12\/bts-serafina-at-table-gopr2663-web-768x574.jpg 768w, https:\/\/talk.nordea.se\/privatebanking\/wp-content\/uploads\/2023\/12\/bts-serafina-at-table-gopr2663-web-214x160.jpg 214w, https:\/\/talk.nordea.se\/privatebanking\/wp-content\/uploads\/2023\/12\/bts-serafina-at-table-gopr2663-web-526x393.jpg 526w, https:\/\/talk.nordea.se\/privatebanking\/wp-content\/uploads\/2023\/12\/bts-serafina-at-table-gopr2663-web-720x538.jpg 720w, https:\/\/talk.nordea.se\/privatebanking\/wp-content\/uploads\/2023\/12\/bts-serafina-at-table-gopr2663-web-960x717.jpg 960w, https:\/\/talk.nordea.se\/privatebanking\/wp-content\/uploads\/2023\/12\/bts-serafina-at-table-gopr2663-web.jpg 1080w\" sizes=\"auto, (max-width: 1024px) 100vw, 1024px\" \/><figcaption class=\"wp-element-caption\">Modellerna valdes ut bland vanliga fijianer. De fick l\u00e4ra sig att h\u00e5lla andan i upp till en minut och att posera under vattnet. Foto: \u00a9DCIM100GOPROGOPR2663.GPR<\/figcaption><\/figure>\n\n\n\n<p><strong>Hur gjorde han?<\/strong><\/p>\n\n\n\n<p>Fotograferingen tog sex veckor och inleddes med att Brandt valde ut 20 modeller fr\u00e5n en audition om 200 personer. S\u00e5 hittade han en \u201dstudio\u201d p\u00e5 havsbotten utanf\u00f6r Fiji d\u00e4r han satte upp sin utrustning. Dykl\u00e4rare som garanterade s\u00e4kerheten och tr\u00e4nade modellerna anlitades. Till en b\u00f6rjan kunde modellerna enbart h\u00e5lla andan i 15 sekunder, i slutet av fotograferingen klarade m\u00e5nga att posera i \u00f6ver en minut innan de beh\u00f6vde andningsmunstycket.<\/p>\n\n\n\n<figure class=\"wp-block-image size-large\"><img loading=\"lazy\" decoding=\"async\" width=\"1024\" height=\"681\" src=\"https:\/\/talk.nordea.se\/privatebanking\/wp-content\/uploads\/2023\/12\/paul-fiji-2023-serafina-holding-her-brother-keanan-i-fiji-2023-web-1024x681.jpg\" alt=\"Dityk; v\u00e4nster en man som st\u00e5r p\u00e5 en stol under vattnet och tittar mot ytan. H\u00f6ger: en kvinna h\u00e5ller om sin bror under vattnet.\" class=\"wp-image-14140\" srcset=\"https:\/\/talk.nordea.se\/privatebanking\/wp-content\/uploads\/2023\/12\/paul-fiji-2023-serafina-holding-her-brother-keanan-i-fiji-2023-web-1024x681.jpg 1024w, https:\/\/talk.nordea.se\/privatebanking\/wp-content\/uploads\/2023\/12\/paul-fiji-2023-serafina-holding-her-brother-keanan-i-fiji-2023-web-300x199.jpg 300w, https:\/\/talk.nordea.se\/privatebanking\/wp-content\/uploads\/2023\/12\/paul-fiji-2023-serafina-holding-her-brother-keanan-i-fiji-2023-web-768x511.jpg 768w, https:\/\/talk.nordea.se\/privatebanking\/wp-content\/uploads\/2023\/12\/paul-fiji-2023-serafina-holding-her-brother-keanan-i-fiji-2023-web-241x160.jpg 241w, https:\/\/talk.nordea.se\/privatebanking\/wp-content\/uploads\/2023\/12\/paul-fiji-2023-serafina-holding-her-brother-keanan-i-fiji-2023-web-526x350.jpg 526w, https:\/\/talk.nordea.se\/privatebanking\/wp-content\/uploads\/2023\/12\/paul-fiji-2023-serafina-holding-her-brother-keanan-i-fiji-2023-web-720x479.jpg 720w, https:\/\/talk.nordea.se\/privatebanking\/wp-content\/uploads\/2023\/12\/paul-fiji-2023-serafina-holding-her-brother-keanan-i-fiji-2023-web-960x638.jpg 960w, https:\/\/talk.nordea.se\/privatebanking\/wp-content\/uploads\/2023\/12\/paul-fiji-2023-serafina-holding-her-brother-keanan-i-fiji-2023-web.jpg 1080w\" sizes=\"auto, (max-width: 1024px) 100vw, 1024px\" \/><figcaption class=\"wp-element-caption\">F\u00f6r att understryka att klimatf\u00f6r\u00e4ndringarna ber\u00f6r oss alla anv\u00e4nde Nick Brandt vardaglig rekvisita som bord, stolar och leksaker. Paul, Fiji, 2023 &amp; Serafina Holding her Brother Keanan I, Fiji, 2023. \u00a9 Nick Brandt.<\/figcaption><\/figure>\n\n\n\n<p><strong>Hur komponerades bilderna?<\/strong><\/p>\n\n\n\n<p>Nick Brandts vision var att skapa sp\u00f6kliknande bilder som v\u00e4cker k\u00e4nslor hos \u00e5sk\u00e5daren genom att symboliskt visa vad klimatf\u00f6r\u00e4ndringarna kan inneb\u00e4ra. D\u00e4rf\u00f6r anv\u00e4nde han vanliga m\u00f6bler, fr\u00e5n bost\u00e4der och skolor, som rekvisita p\u00e5 havsbotten: 15-\u00e5riga Akessa har p\u00e5 sig en vit kjol och sitter i en tr\u00e4stol. Syskonen Serafina och Keanan h\u00e5ller om varandra p\u00e5 en metalls\u00e4ng. Joel och Petero gungar p\u00e5 ett gungbr\u00e4de.<\/p>\n\n\n\n<p>Brandt har publicerat bilderna p\u00e5 sin hemsida och f\u00e5tt enormt mycket reaktioner. M\u00e4nniskor ser allt fr\u00e5n hopp till uppgivenhet och motst\u00e5ndskraft i de fotograferade, ber\u00e4ttar han.<\/p>\n\n\n\n<figure class=\"wp-block-image size-large\"><img loading=\"lazy\" decoding=\"async\" width=\"1024\" height=\"768\" src=\"https:\/\/talk.nordea.se\/privatebanking\/wp-content\/uploads\/2023\/12\/joel-and-sosi-fiji-2023-web-1024x768.jpg\" alt=\"Tv\u00e5 m\u00e4n sitter under ytan vid ett k\u00f6ksbord\" class=\"wp-image-14139\" srcset=\"https:\/\/talk.nordea.se\/privatebanking\/wp-content\/uploads\/2023\/12\/joel-and-sosi-fiji-2023-web-1024x768.jpg 1024w, https:\/\/talk.nordea.se\/privatebanking\/wp-content\/uploads\/2023\/12\/joel-and-sosi-fiji-2023-web-300x225.jpg 300w, https:\/\/talk.nordea.se\/privatebanking\/wp-content\/uploads\/2023\/12\/joel-and-sosi-fiji-2023-web-768x576.jpg 768w, https:\/\/talk.nordea.se\/privatebanking\/wp-content\/uploads\/2023\/12\/joel-and-sosi-fiji-2023-web-213x160.jpg 213w, https:\/\/talk.nordea.se\/privatebanking\/wp-content\/uploads\/2023\/12\/joel-and-sosi-fiji-2023-web-720x540.jpg 720w, https:\/\/talk.nordea.se\/privatebanking\/wp-content\/uploads\/2023\/12\/joel-and-sosi-fiji-2023-web-526x395.jpg 526w, https:\/\/talk.nordea.se\/privatebanking\/wp-content\/uploads\/2023\/12\/joel-and-sosi-fiji-2023-web-960x720.jpg 960w, https:\/\/talk.nordea.se\/privatebanking\/wp-content\/uploads\/2023\/12\/joel-and-sosi-fiji-2023-web.jpg 1080w\" sizes=\"auto, (max-width: 1024px) 100vw, 1024px\" \/><figcaption class=\"wp-element-caption\">En b\u00f6n f\u00f6r klimatet? Joel and Sosi, Fiji, 2023. \u00a9 Nick Brandt.<\/figcaption><\/figure>\n\n\n\n<hr class=\"wp-block-separator has-alpha-channel-opacity is-style-wide\"\/>\n\n\n\n<div class=\"wp-block-group\"><div class=\"wp-block-group__inner-container is-layout-constrained wp-block-group-is-layout-constrained\">\n<p class=\"has-pb-blue-color has-text-color has-link-color wp-elements-5ecf0560bb788f5862dca0cf8679485a\" style=\"font-size:26px\"><strong>Nick Brandt<\/strong><\/p>\n\n\n\n<p><strong>F\u00f6dd: <\/strong>Storbritannien.<\/p>\n\n\n\n<p><strong>Temat i hans verk:<\/strong> Han relaterar alltid till den destruktiva inverkan som m\u00e4nskligheten har p\u00e5 s\u00e5v\u00e4l naturen som oss sj\u00e4lva.<\/p>\n\n\n\n<p><strong>K\u00e4nda verk:<\/strong> En trilogi om djur- och naturlivet i \u00f6stra Afrika: <em>On This Earth<\/em>, <em>A Shadow Falls Across the Ravaged Land<\/em> (2012), <em>Inherit the Dust<\/em> (2016) och <em>This Empty World<\/em> (2019). <em>Sink\/Rise<\/em> \u00e4r en den tredje delen i <em>The Day May Break<\/em>, en p\u00e5g\u00e5ende serie portr\u00e4tt, d\u00e4r han skildrar m\u00e4nniskor och djur som p\u00e5verkas negativt av klimatf\u00f6r\u00e4ndringarna.<\/p>\n\n\n\n<p><strong>I Sverige:<\/strong> Brandt har st\u00e4llt ut p\u00e5 museer och gallerier v\u00e4rlden \u00f6ver, i Sverige flera g\u00e5nger p\u00e5 Fotografiska i Stockholm.<\/p>\n\n\n\n<p><strong>\u00d6vrigt:<\/strong> Grundat den ideella organisationen Big Life Foundation, som arbetar i Kenya och Tanzania f\u00f6r att skydda \u00f6ver 800 000 hektar av ekosystemet.<\/p>\n<\/div><\/div>\n\n\n\n<hr class=\"wp-block-separator has-alpha-channel-opacity is-style-wide\"\/>\n\n\n\n<p class=\"has-small-font-size\"><strong>Fotnot: <\/strong>Boken <em>Sink\/Rise<\/em> kommer under v\u00e5ren 2024. Om du \u00e4r intresserad av att k\u00f6pa n\u00e5got av hans verk s\u00e5 representeras han i Sverige av Willas Contemporary i Stockholm.<\/p>\n\n\n\n<p class=\"has-small-font-size\"><strong>K\u00e4llor: <\/strong>CNN, Artnet, Nick Brandts hemsida, FN med flera.<\/p>\n","protected":false},"excerpt":{"rendered":"<p>Snart kan hela Fiji ligga under havsytan. Stj\u00e4rnfotografen Nick Brandt l\u00e4t sina modeller posera under vatten f\u00f6r att visa klimatkrisens konsekvenser. Talk kan nu exklusivt visa hans \u00f6desm\u00e4ttade och bl\u00e4ndande vackra bildserie Sink\/Rise. <\/p>\n","protected":false},"author":2,"featured_media":14141,"comment_status":"closed","ping_status":"closed","sticky":false,"template":"","format":"standard","meta":{"_acf_changed":false,"footnotes":""},"categories":[3],"tags":[33,697],"class_list":["post-14134","post","type-post","status-publish","format-standard","has-post-thumbnail","hentry","category-hallbarhet","tag-hallbarhet","tag-nick-brandt"],"acf":[],"yoast_head":"<!-- This site is optimized with the Yoast SEO plugin v27.4 - https:\/\/yoast.com\/product\/yoast-seo-wordpress\/ -->\n<title>Klimat&shy;portr\u00e4tt som g\u00e5r p\u00e5 djupet - Talk with Nordea Private Banking<\/title>\n<meta name=\"robots\" content=\"index, follow, max-snippet:-1, max-image-preview:large, max-video-preview:-1\" \/>\n<link rel=\"canonical\" href=\"https:\/\/talk.nordea.se\/privatebanking\/klimatportratt-som-gar-pa-djupet\/\" \/>\n<meta property=\"og:locale\" content=\"sv_SE\" \/>\n<meta property=\"og:type\" content=\"article\" \/>\n<meta property=\"og:title\" content=\"Klimat&shy;portr\u00e4tt som g\u00e5r p\u00e5 djupet - Talk with Nordea Private Banking\" \/>\n<meta property=\"og:description\" content=\"Snart kan hela Fiji ligga under havsytan. Stj\u00e4rnfotografen Nick Brandt l\u00e4t sina modeller posera under vatten f\u00f6r att visa klimatkrisens konsekvenser. Talk kan nu exklusivt visa hans \u00f6desm\u00e4ttade och bl\u00e4ndande vackra bildserie Sink\/Rise.\" \/>\n<meta property=\"og:url\" content=\"https:\/\/talk.nordea.se\/privatebanking\/klimatportratt-som-gar-pa-djupet\/\" \/>\n<meta property=\"og:site_name\" content=\"Talk with Nordea Private Banking\" \/>\n<meta property=\"article:published_time\" content=\"2023-12-18T19:09:38+00:00\" \/>\n<meta property=\"article:modified_time\" content=\"2023-12-21T17:26:14+00:00\" \/>\n<meta property=\"og:image\" content=\"https:\/\/talk.nordea.se\/privatebanking\/wp-content\/uploads\/2023\/12\/serafina-at-table-fiji-2023-web.jpg\" \/>\n\t<meta property=\"og:image:width\" content=\"1080\" \/>\n\t<meta property=\"og:image:height\" content=\"810\" \/>\n\t<meta property=\"og:image:type\" content=\"image\/jpeg\" \/>\n<meta name=\"author\" content=\"kairistila\" \/>\n<meta name=\"twitter:card\" content=\"summary_large_image\" \/>\n<meta name=\"twitter:label1\" content=\"Skriven av\" \/>\n\t<meta name=\"twitter:data1\" content=\"kairistila\" \/>\n\t<meta name=\"twitter:label2\" content=\"Ber\u00e4knad l\u00e4stid\" \/>\n\t<meta name=\"twitter:data2\" content=\"4 minuter\" \/>\n<script type=\"application\/ld+json\" class=\"yoast-schema-graph\">{\"@context\":\"https:\\\/\\\/schema.org\",\"@graph\":[{\"@type\":\"Article\",\"@id\":\"https:\\\/\\\/talk.nordea.se\\\/privatebanking\\\/klimatportratt-som-gar-pa-djupet\\\/#article\",\"isPartOf\":{\"@id\":\"https:\\\/\\\/talk.nordea.se\\\/privatebanking\\\/klimatportratt-som-gar-pa-djupet\\\/\"},\"author\":{\"name\":\"kairistila\",\"@id\":\"https:\\\/\\\/talk.nordea.se\\\/privatebanking\\\/#\\\/schema\\\/person\\\/43e0be4ffef10b914d4ee31d1c384b60\"},\"headline\":\"Klimat&shy;portr\u00e4tt som g\u00e5r p\u00e5 djupet\",\"datePublished\":\"2023-12-18T19:09:38+00:00\",\"dateModified\":\"2023-12-21T17:26:14+00:00\",\"mainEntityOfPage\":{\"@id\":\"https:\\\/\\\/talk.nordea.se\\\/privatebanking\\\/klimatportratt-som-gar-pa-djupet\\\/\"},\"wordCount\":633,\"image\":{\"@id\":\"https:\\\/\\\/talk.nordea.se\\\/privatebanking\\\/klimatportratt-som-gar-pa-djupet\\\/#primaryimage\"},\"thumbnailUrl\":\"https:\\\/\\\/talk.nordea.se\\\/privatebanking\\\/wp-content\\\/uploads\\\/2023\\\/12\\\/serafina-at-table-fiji-2023-web.jpg\",\"keywords\":[\"H\u00e5llbarhet\",\"Nick Brandt\"],\"articleSection\":[\"H\u00e5llbarhet\"],\"inLanguage\":\"sv-SE\"},{\"@type\":\"WebPage\",\"@id\":\"https:\\\/\\\/talk.nordea.se\\\/privatebanking\\\/klimatportratt-som-gar-pa-djupet\\\/\",\"url\":\"https:\\\/\\\/talk.nordea.se\\\/privatebanking\\\/klimatportratt-som-gar-pa-djupet\\\/\",\"name\":\"Klimat&shy;portr\u00e4tt som g\u00e5r p\u00e5 djupet - Talk with Nordea Private Banking\",\"isPartOf\":{\"@id\":\"https:\\\/\\\/talk.nordea.se\\\/privatebanking\\\/#website\"},\"primaryImageOfPage\":{\"@id\":\"https:\\\/\\\/talk.nordea.se\\\/privatebanking\\\/klimatportratt-som-gar-pa-djupet\\\/#primaryimage\"},\"image\":{\"@id\":\"https:\\\/\\\/talk.nordea.se\\\/privatebanking\\\/klimatportratt-som-gar-pa-djupet\\\/#primaryimage\"},\"thumbnailUrl\":\"https:\\\/\\\/talk.nordea.se\\\/privatebanking\\\/wp-content\\\/uploads\\\/2023\\\/12\\\/serafina-at-table-fiji-2023-web.jpg\",\"datePublished\":\"2023-12-18T19:09:38+00:00\",\"dateModified\":\"2023-12-21T17:26:14+00:00\",\"author\":{\"@id\":\"https:\\\/\\\/talk.nordea.se\\\/privatebanking\\\/#\\\/schema\\\/person\\\/43e0be4ffef10b914d4ee31d1c384b60\"},\"breadcrumb\":{\"@id\":\"https:\\\/\\\/talk.nordea.se\\\/privatebanking\\\/klimatportratt-som-gar-pa-djupet\\\/#breadcrumb\"},\"inLanguage\":\"sv-SE\",\"potentialAction\":[{\"@type\":\"ReadAction\",\"target\":[\"https:\\\/\\\/talk.nordea.se\\\/privatebanking\\\/klimatportratt-som-gar-pa-djupet\\\/\"]}]},{\"@type\":\"ImageObject\",\"inLanguage\":\"sv-SE\",\"@id\":\"https:\\\/\\\/talk.nordea.se\\\/privatebanking\\\/klimatportratt-som-gar-pa-djupet\\\/#primaryimage\",\"url\":\"https:\\\/\\\/talk.nordea.se\\\/privatebanking\\\/wp-content\\\/uploads\\\/2023\\\/12\\\/serafina-at-table-fiji-2023-web.jpg\",\"contentUrl\":\"https:\\\/\\\/talk.nordea.se\\\/privatebanking\\\/wp-content\\\/uploads\\\/2023\\\/12\\\/serafina-at-table-fiji-2023-web.jpg\",\"width\":1080,\"height\":810,\"caption\":\"Snart verklighet? Fiji och andra l\u00e4nder i Stilla havet hotas av de stigande havsniv\u00e5erna. Serafina at Table. Fiji, 2023. \u00a9 Nick Brandt.\"},{\"@type\":\"BreadcrumbList\",\"@id\":\"https:\\\/\\\/talk.nordea.se\\\/privatebanking\\\/klimatportratt-som-gar-pa-djupet\\\/#breadcrumb\",\"itemListElement\":[{\"@type\":\"ListItem\",\"position\":1,\"name\":\"Home\",\"item\":\"https:\\\/\\\/talk.nordea.se\\\/privatebanking\\\/\"},{\"@type\":\"ListItem\",\"position\":2,\"name\":\"Klimat&shy;portr\u00e4tt som g\u00e5r p\u00e5 djupet\"}]},{\"@type\":\"WebSite\",\"@id\":\"https:\\\/\\\/talk.nordea.se\\\/privatebanking\\\/#website\",\"url\":\"https:\\\/\\\/talk.nordea.se\\\/privatebanking\\\/\",\"name\":\"Talk with Nordea Private Banking\",\"description\":\"\",\"potentialAction\":[{\"@type\":\"SearchAction\",\"target\":{\"@type\":\"EntryPoint\",\"urlTemplate\":\"https:\\\/\\\/talk.nordea.se\\\/privatebanking\\\/?s={search_term_string}\"},\"query-input\":{\"@type\":\"PropertyValueSpecification\",\"valueRequired\":true,\"valueName\":\"search_term_string\"}}],\"inLanguage\":\"sv-SE\"},{\"@type\":\"Person\",\"@id\":\"https:\\\/\\\/talk.nordea.se\\\/privatebanking\\\/#\\\/schema\\\/person\\\/43e0be4ffef10b914d4ee31d1c384b60\",\"name\":\"kairistila\",\"image\":{\"@type\":\"ImageObject\",\"inLanguage\":\"sv-SE\",\"@id\":\"https:\\\/\\\/secure.gravatar.com\\\/avatar\\\/682d8aa364d89eb8cf10e1b8eceb8da43ac690bb420244e825e55e75b444beea?s=96&d=mm&r=g\",\"url\":\"https:\\\/\\\/secure.gravatar.com\\\/avatar\\\/682d8aa364d89eb8cf10e1b8eceb8da43ac690bb420244e825e55e75b444beea?s=96&d=mm&r=g\",\"contentUrl\":\"https:\\\/\\\/secure.gravatar.com\\\/avatar\\\/682d8aa364d89eb8cf10e1b8eceb8da43ac690bb420244e825e55e75b444beea?s=96&d=mm&r=g\",\"caption\":\"kairistila\"},\"url\":\"https:\\\/\\\/talk.nordea.se\\\/privatebanking\\\/author\\\/kairistila\\\/\"}]}<\/script>\n<!-- \/ Yoast SEO plugin. -->","yoast_head_json":{"title":"Klimat&shy;portr\u00e4tt som g\u00e5r p\u00e5 djupet - Talk with Nordea Private Banking","robots":{"index":"index","follow":"follow","max-snippet":"max-snippet:-1","max-image-preview":"max-image-preview:large","max-video-preview":"max-video-preview:-1"},"canonical":"https:\/\/talk.nordea.se\/privatebanking\/klimatportratt-som-gar-pa-djupet\/","og_locale":"sv_SE","og_type":"article","og_title":"Klimat&shy;portr\u00e4tt som g\u00e5r p\u00e5 djupet - Talk with Nordea Private Banking","og_description":"Snart kan hela Fiji ligga under havsytan. Stj\u00e4rnfotografen Nick Brandt l\u00e4t sina modeller posera under vatten f\u00f6r att visa klimatkrisens konsekvenser. Talk kan nu exklusivt visa hans \u00f6desm\u00e4ttade och bl\u00e4ndande vackra bildserie Sink\/Rise.","og_url":"https:\/\/talk.nordea.se\/privatebanking\/klimatportratt-som-gar-pa-djupet\/","og_site_name":"Talk with Nordea Private Banking","article_published_time":"2023-12-18T19:09:38+00:00","article_modified_time":"2023-12-21T17:26:14+00:00","og_image":[{"width":1080,"height":810,"url":"https:\/\/talk.nordea.se\/privatebanking\/wp-content\/uploads\/2023\/12\/serafina-at-table-fiji-2023-web.jpg","type":"image\/jpeg"}],"author":"kairistila","twitter_card":"summary_large_image","twitter_misc":{"Skriven av":"kairistila","Ber\u00e4knad l\u00e4stid":"4 minuter"},"schema":{"@context":"https:\/\/schema.org","@graph":[{"@type":"Article","@id":"https:\/\/talk.nordea.se\/privatebanking\/klimatportratt-som-gar-pa-djupet\/#article","isPartOf":{"@id":"https:\/\/talk.nordea.se\/privatebanking\/klimatportratt-som-gar-pa-djupet\/"},"author":{"name":"kairistila","@id":"https:\/\/talk.nordea.se\/privatebanking\/#\/schema\/person\/43e0be4ffef10b914d4ee31d1c384b60"},"headline":"Klimat&shy;portr\u00e4tt som g\u00e5r p\u00e5 djupet","datePublished":"2023-12-18T19:09:38+00:00","dateModified":"2023-12-21T17:26:14+00:00","mainEntityOfPage":{"@id":"https:\/\/talk.nordea.se\/privatebanking\/klimatportratt-som-gar-pa-djupet\/"},"wordCount":633,"image":{"@id":"https:\/\/talk.nordea.se\/privatebanking\/klimatportratt-som-gar-pa-djupet\/#primaryimage"},"thumbnailUrl":"https:\/\/talk.nordea.se\/privatebanking\/wp-content\/uploads\/2023\/12\/serafina-at-table-fiji-2023-web.jpg","keywords":["H\u00e5llbarhet","Nick Brandt"],"articleSection":["H\u00e5llbarhet"],"inLanguage":"sv-SE"},{"@type":"WebPage","@id":"https:\/\/talk.nordea.se\/privatebanking\/klimatportratt-som-gar-pa-djupet\/","url":"https:\/\/talk.nordea.se\/privatebanking\/klimatportratt-som-gar-pa-djupet\/","name":"Klimat&shy;portr\u00e4tt som g\u00e5r p\u00e5 djupet - Talk with Nordea Private Banking","isPartOf":{"@id":"https:\/\/talk.nordea.se\/privatebanking\/#website"},"primaryImageOfPage":{"@id":"https:\/\/talk.nordea.se\/privatebanking\/klimatportratt-som-gar-pa-djupet\/#primaryimage"},"image":{"@id":"https:\/\/talk.nordea.se\/privatebanking\/klimatportratt-som-gar-pa-djupet\/#primaryimage"},"thumbnailUrl":"https:\/\/talk.nordea.se\/privatebanking\/wp-content\/uploads\/2023\/12\/serafina-at-table-fiji-2023-web.jpg","datePublished":"2023-12-18T19:09:38+00:00","dateModified":"2023-12-21T17:26:14+00:00","author":{"@id":"https:\/\/talk.nordea.se\/privatebanking\/#\/schema\/person\/43e0be4ffef10b914d4ee31d1c384b60"},"breadcrumb":{"@id":"https:\/\/talk.nordea.se\/privatebanking\/klimatportratt-som-gar-pa-djupet\/#breadcrumb"},"inLanguage":"sv-SE","potentialAction":[{"@type":"ReadAction","target":["https:\/\/talk.nordea.se\/privatebanking\/klimatportratt-som-gar-pa-djupet\/"]}]},{"@type":"ImageObject","inLanguage":"sv-SE","@id":"https:\/\/talk.nordea.se\/privatebanking\/klimatportratt-som-gar-pa-djupet\/#primaryimage","url":"https:\/\/talk.nordea.se\/privatebanking\/wp-content\/uploads\/2023\/12\/serafina-at-table-fiji-2023-web.jpg","contentUrl":"https:\/\/talk.nordea.se\/privatebanking\/wp-content\/uploads\/2023\/12\/serafina-at-table-fiji-2023-web.jpg","width":1080,"height":810,"caption":"Snart verklighet? Fiji och andra l\u00e4nder i Stilla havet hotas av de stigande havsniv\u00e5erna. Serafina at Table. Fiji, 2023. \u00a9 Nick Brandt."},{"@type":"BreadcrumbList","@id":"https:\/\/talk.nordea.se\/privatebanking\/klimatportratt-som-gar-pa-djupet\/#breadcrumb","itemListElement":[{"@type":"ListItem","position":1,"name":"Home","item":"https:\/\/talk.nordea.se\/privatebanking\/"},{"@type":"ListItem","position":2,"name":"Klimat&shy;portr\u00e4tt som g\u00e5r p\u00e5 djupet"}]},{"@type":"WebSite","@id":"https:\/\/talk.nordea.se\/privatebanking\/#website","url":"https:\/\/talk.nordea.se\/privatebanking\/","name":"Talk with Nordea Private Banking","description":"","potentialAction":[{"@type":"SearchAction","target":{"@type":"EntryPoint","urlTemplate":"https:\/\/talk.nordea.se\/privatebanking\/?s={search_term_string}"},"query-input":{"@type":"PropertyValueSpecification","valueRequired":true,"valueName":"search_term_string"}}],"inLanguage":"sv-SE"},{"@type":"Person","@id":"https:\/\/talk.nordea.se\/privatebanking\/#\/schema\/person\/43e0be4ffef10b914d4ee31d1c384b60","name":"kairistila","image":{"@type":"ImageObject","inLanguage":"sv-SE","@id":"https:\/\/secure.gravatar.com\/avatar\/682d8aa364d89eb8cf10e1b8eceb8da43ac690bb420244e825e55e75b444beea?s=96&d=mm&r=g","url":"https:\/\/secure.gravatar.com\/avatar\/682d8aa364d89eb8cf10e1b8eceb8da43ac690bb420244e825e55e75b444beea?s=96&d=mm&r=g","contentUrl":"https:\/\/secure.gravatar.com\/avatar\/682d8aa364d89eb8cf10e1b8eceb8da43ac690bb420244e825e55e75b444beea?s=96&d=mm&r=g","caption":"kairistila"},"url":"https:\/\/talk.nordea.se\/privatebanking\/author\/kairistila\/"}]}},"_links":{"self":[{"href":"https:\/\/talk.nordea.se\/privatebanking\/wp-json\/wp\/v2\/posts\/14134","targetHints":{"allow":["GET"]}}],"collection":[{"href":"https:\/\/talk.nordea.se\/privatebanking\/wp-json\/wp\/v2\/posts"}],"about":[{"href":"https:\/\/talk.nordea.se\/privatebanking\/wp-json\/wp\/v2\/types\/post"}],"author":[{"embeddable":true,"href":"https:\/\/talk.nordea.se\/privatebanking\/wp-json\/wp\/v2\/users\/2"}],"replies":[{"embeddable":true,"href":"https:\/\/talk.nordea.se\/privatebanking\/wp-json\/wp\/v2\/comments?post=14134"}],"version-history":[{"count":22,"href":"https:\/\/talk.nordea.se\/privatebanking\/wp-json\/wp\/v2\/posts\/14134\/revisions"}],"predecessor-version":[{"id":14249,"href":"https:\/\/talk.nordea.se\/privatebanking\/wp-json\/wp\/v2\/posts\/14134\/revisions\/14249"}],"wp:featuredmedia":[{"embeddable":true,"href":"https:\/\/talk.nordea.se\/privatebanking\/wp-json\/wp\/v2\/media\/14141"}],"wp:attachment":[{"href":"https:\/\/talk.nordea.se\/privatebanking\/wp-json\/wp\/v2\/media?parent=14134"}],"wp:term":[{"taxonomy":"category","embeddable":true,"href":"https:\/\/talk.nordea.se\/privatebanking\/wp-json\/wp\/v2\/categories?post=14134"},{"taxonomy":"post_tag","embeddable":true,"href":"https:\/\/talk.nordea.se\/privatebanking\/wp-json\/wp\/v2\/tags?post=14134"}],"curies":[{"name":"wp","href":"https:\/\/api.w.org\/{rel}","templated":true}]}}